{"id":1829,"date":"2011-09-29T09:52:12","date_gmt":"2011-09-29T09:52:12","guid":{"rendered":"https:\/\/www.minicity.it\/blog\/?p=1829"},"modified":"2011-09-29T09:52:12","modified_gmt":"2011-09-29T09:52:12","slug":"itinerario-stabile-a-cesena","status":"publish","type":"post","link":"https:\/\/www.minicity.it\/blog\/2011\/09\/itinerario-stabile-a-cesena\/","title":{"rendered":"Itinerario Stabile a Cesena"},"content":{"rendered":"<p><a href=\"https:\/\/www.minicity.it\/blog\/wp-content\/uploads\/2011\/09\/ossigenocesena.jpg\"><img loading=\"lazy\" decoding=\"async\" class=\"alignleft size-full wp-image-1830\" title=\"ossigenocesena\" src=\"https:\/\/www.minicity.it\/blog\/wp-content\/uploads\/2011\/09\/ossigenocesena.jpg\" alt=\"\" width=\"200\" height=\"170\" \/><\/a>L&#8217;uno e il due ottobre torna a Cesena <strong>\u201cItinerario Stabile\u201d<\/strong>, il festival di performance artistiche, laboratori per bambini di teatro e giardinaggio, installazioni, incontri, concerti, proiezioni di film e dj set.<\/p>\n<p><strong>Il tema dell&#8217;edizione del 2011 \u00e8 l&#8217;Ossigeno<\/strong>: \u201cOssigeno per la cultura, per la citt\u00e0, per l\u2019arte giovane. Aria, spazio <!--more-->fresco e pieno di un ritmo nuovo per le future generazioni. Ossigeno per esplorare i confini, altre possibilit\u00e0, la diversit\u00e0, le bellezze meno appariscenti ma pi\u00f9 essenziali ed efficaci per far crescere bene noi e il nostro paese\u201d.<\/p>\n<p>Tutte gli eventi di \u201cItinerario Stabile\u201d si terranno a Piazza Zangheri e al Museo di Scienze Naturali: da non perdere la danza urbana alla scalinata di piazza del popolo sabato primo ottobre, il concerto del texano &#8220;The Ripe&#8221; oppure il dj set di Trinity la sera dalla 23:30, sempre all&#8217;aperto.<\/p>\n<p><strong>Per informazioni<\/strong> sul festival informazioni telefonare allo 347 7748822 oppure scrivere una mail a info@itinerariofestival.it.<br \/>\n<strong>Per iscriversi<\/strong> ai laboratori dei bambini chiamare l&#8217;Associazione Katri\u00e8m allo 349 4931774 oppure scrivere una mail a ac.katriem@gmail.com.<br \/>\nPer quanto riguarda i laboratori di \u201cBaby Guerrilla Gardening\u201d chiamare il 340 3949462.<br \/>\nPer visionare il programma completo consultare il sito Internet: <strong>www.itinerariofestival.it<\/strong>.<\/p>\n","protected":false},"excerpt":{"rendered":"<p>L&rsquo;uno e il due ottobre torna a Cesena &ldquo;Itinerario Stabile&rdquo;, il festival di performance artistiche, laboratori per bambini di teatro e giardinaggio, installazioni, incontri, concerti, proiezioni di film e dj set. Il tema dell&rsquo;edizione del 2011 &egrave; l&rsquo;Ossigeno: &ldquo;Ossigeno per la cultura, per la citt&agrave;, per l&rsquo;arte giovane. Aria, spazio<\/p>\n","protected":false},"author":7,"featured_media":0,"comment_status":"open","ping_status":"open","sticky":false,"template":"","format":"standard","meta":{"footnotes":""},"categories":[3],"tags":[33,24],"class_list":["post-1829","post","type-post","status-publish","format-standard","hentry","category-turismo","tag-eventi-riviera","tag-forli-cesena"],"aioseo_notices":[],"_links":{"self":[{"href":"https:\/\/www.minicity.it\/blog\/wp-json\/wp\/v2\/posts\/1829","targetHints":{"allow":["GET"]}}],"collection":[{"href":"https:\/\/www.minicity.it\/blog\/wp-json\/wp\/v2\/posts"}],"about":[{"href":"https:\/\/www.minicity.it\/blog\/wp-json\/wp\/v2\/types\/post"}],"author":[{"embeddable":true,"href":"https:\/\/www.minicity.it\/blog\/wp-json\/wp\/v2\/users\/7"}],"replies":[{"embeddable":true,"href":"https:\/\/www.minicity.it\/blog\/wp-json\/wp\/v2\/comments?post=1829"}],"version-history":[{"count":0,"href":"https:\/\/www.minicity.it\/blog\/wp-json\/wp\/v2\/posts\/1829\/revisions"}],"wp:attachment":[{"href":"https:\/\/www.minicity.it\/blog\/wp-json\/wp\/v2\/media?parent=1829"}],"wp:term":[{"taxonomy":"category","embeddable":true,"href":"https:\/\/www.minicity.it\/blog\/wp-json\/wp\/v2\/categories?post=1829"},{"taxonomy":"post_tag","embeddable":true,"href":"https:\/\/www.minicity.it\/blog\/wp-json\/wp\/v2\/tags?post=1829"}],"curies":[{"name":"wp","href":"https:\/\/api.w.org\/{rel}","templated":true}]}}