{"id":1845,"date":"2011-09-30T09:26:00","date_gmt":"2011-09-30T09:26:00","guid":{"rendered":"https:\/\/www.minicity.it\/blog\/?p=1845"},"modified":"2011-10-07T09:01:04","modified_gmt":"2011-10-07T09:01:04","slug":"rimini-bellaria-e-cattolica-contro-la-criminalita","status":"publish","type":"post","link":"https:\/\/www.minicity.it\/blog\/2011\/09\/rimini-bellaria-e-cattolica-contro-la-criminalita\/","title":{"rendered":"Rimini, Bellaria e Cattolica contro la criminalit\u00e0"},"content":{"rendered":"<p><strong><a href=\"https:\/\/www.minicity.it\/blog\/wp-content\/uploads\/2011\/09\/criminalitarimini.jpg\"><img loading=\"lazy\" decoding=\"async\" class=\"alignleft size-full wp-image-1846\" title=\"criminalitarimini\" src=\"https:\/\/www.minicity.it\/blog\/wp-content\/uploads\/2011\/09\/criminalitarimini.jpg\" alt=\"\" width=\"200\" height=\"133\" \/><\/a>La provincia di Rimini<\/strong>, con i comuni di <strong>Cattolica e Bellaria Igea-Marina<\/strong> hanno messo in piedi un <strong>progetto per lottare la criminalit\u00e0<\/strong> al quale collaboreranno anche le forze dell&#8217;ordine. \u201cProgetto per la promozione e la diffusione di una cultura della legalit\u00e0\u201d, questo \u00e8 il<!--more-->suo nome, costa 30 mila euro, di cui 21 mila finanziati dalla Regione Emilia-Romagna e si richiama a una legge regionale del marzo scorso: \u201cMisure per l\u2019attuazione coordinata delle politiche regionali a favore della prevenzione del crimine organizzato e mafioso, nonch\u00e9 per la promozione della cultura della legalit\u00e0 e della cittadinanza responsabile\u201d. Il progetto, una volta messo in piedi e ultimato, verr\u00e0 fatto girare nelle scuole del territorio.<\/p>\n<p>Nella pratica verr\u00e0 messo in piedi un vero osservatorio (\u201cOsservatorio provinciale per il monitoraggio e l\u2019analisi dei fenomeni di illegalit\u00e0 collegati alla criminalit\u00e0 organizzata di stampo mafioso\u201d) che permetta di riunire tutte le informazioni sulla criminalit\u00e0 e, dall&#8217;altro, attraverso attivit\u00e0 nelle scuole, si cercher\u00e0 di lavorare sulla cultura della legalit\u00e0.<\/p>\n<p>Si \u00e8 infatti recentemente rilevato che la criminalit\u00e0 organizzata si sta sempre pi\u00f9 infiltrando in Romagna: la crisi economica \u00e8 sicuramente una della maggiori cause e, infatti, un settore nel quale ha margini di manovra \u00e8 proprio quello dell&#8217;accesso al credito (usura e gioco d&#8217;azzardo, soprattutto).<\/p>\n<p>Le attivit\u00e0 economiche in Romagna sono numerose: circa 36 mila, che fanno girare anche ingenti flussi di denaro che, ovviamente, creano un mercato appetibile per la criminalit\u00e0 organizzata.<\/p>\n<p>Il \u201cProgetto per la promozione e la diffusione di una cultura della legalit\u00e0\u201d \u00e8 la risposta a questo problema. Il progetto \u00e8 aperto a tutti i venti sette comuni della Provincia di Rimini, per lavorare il pi\u00f9 possibile in rete.<\/p>\n","protected":false},"excerpt":{"rendered":"<p>La provincia di Rimini, con i comuni di Cattolica e Bellaria Igea-Marina hanno messo in piedi un progetto per lottare la criminalit&agrave; al quale collaboreranno anche le forze dell&rsquo;ordine. &ldquo;Progetto per la promozione e la diffusione di una cultura della legalit&agrave;&rdquo;, questo &egrave; il<\/p>\n","protected":false},"author":5,"featured_media":0,"comment_status":"open","ping_status":"open","sticky":false,"template":"","format":"standard","meta":{"footnotes":""},"categories":[3],"tags":[31,37,10],"class_list":["post-1845","post","type-post","status-publish","format-standard","hentry","category-turismo","tag-bellaria-igea-marina","tag-cattolica","tag-rimini"],"aioseo_notices":[],"_links":{"self":[{"href":"https:\/\/www.minicity.it\/blog\/wp-json\/wp\/v2\/posts\/1845","targetHints":{"allow":["GET"]}}],"collection":[{"href":"https:\/\/www.minicity.it\/blog\/wp-json\/wp\/v2\/posts"}],"about":[{"href":"https:\/\/www.minicity.it\/blog\/wp-json\/wp\/v2\/types\/post"}],"author":[{"embeddable":true,"href":"https:\/\/www.minicity.it\/blog\/wp-json\/wp\/v2\/users\/5"}],"replies":[{"embeddable":true,"href":"https:\/\/www.minicity.it\/blog\/wp-json\/wp\/v2\/comments?post=1845"}],"version-history":[{"count":0,"href":"https:\/\/www.minicity.it\/blog\/wp-json\/wp\/v2\/posts\/1845\/revisions"}],"wp:attachment":[{"href":"https:\/\/www.minicity.it\/blog\/wp-json\/wp\/v2\/media?parent=1845"}],"wp:term":[{"taxonomy":"category","embeddable":true,"href":"https:\/\/www.minicity.it\/blog\/wp-json\/wp\/v2\/categories?post=1845"},{"taxonomy":"post_tag","embeddable":true,"href":"https:\/\/www.minicity.it\/blog\/wp-json\/wp\/v2\/tags?post=1845"}],"curies":[{"name":"wp","href":"https:\/\/api.w.org\/{rel}","templated":true}]}}