{"id":1863,"date":"2011-10-03T09:40:42","date_gmt":"2011-10-03T09:40:42","guid":{"rendered":"https:\/\/www.minicity.it\/blog\/?p=1863"},"modified":"2011-10-03T09:40:42","modified_gmt":"2011-10-03T09:40:42","slug":"il-tartufo-bianco-in-mostra-nelle-marche","status":"publish","type":"post","link":"https:\/\/www.minicity.it\/blog\/2011\/10\/il-tartufo-bianco-in-mostra-nelle-marche\/","title":{"rendered":"Il tartufo bianco in mostra nelle Marche"},"content":{"rendered":"<p><strong><a href=\"https:\/\/www.minicity.it\/blog\/wp-content\/uploads\/2011\/10\/tartufobianco.jpg\"><img loading=\"lazy\" decoding=\"async\" class=\"alignleft size-full wp-image-1864\" title=\"tartufobianco\" src=\"https:\/\/www.minicity.it\/blog\/wp-content\/uploads\/2011\/10\/tartufobianco.jpg\" alt=\"\" width=\"200\" height=\"149\" \/><\/a>Sabato 8 ottobre<\/strong> aprir\u00e0 la<strong> 48\u00b0 edizione<\/strong> della <strong>\u201cMostra Nazionale del Tartufo Bianco Pregiato delle Marche\u201d<\/strong>, che si terr\u00e0 a Sant\u2019Angelo in Vado, in provincia di Pesaro-Urbino.<\/p>\n<p>La \u201cMostra\u201d si svolger\u00e0 tutti i fine settimana di ottobre e sar\u00e0 un&#8217;occasione, per il centro<!--more--> storico di Sant\u2019Angelo in Vado, per aprirsi ai turisti: oltre al tartufo ci saranno stand gastronomici dove gustare prodotti tipici marchigiani e, specialmente, dell\u2019Alta Valle del Metauro.<\/p>\n<p>Sant\u2019Angelo in Vado \u00e8 un comune a 25 chilometri da Urbino che offre diversi monumenti e chiese medievali da scoprire e che, in questo periodo dell&#8217;anno, si anima in occasione del tartufo bianco. Ogni sabato e domenica di ottobre, dalle 8:30 del mattino alle 23:00, tutte le attivit\u00e0 commerciali, i ristoranti e i negozi saranno aperti, la citt\u00e0 si animer\u00e0 di eventi, stand e banchetti, dove gustare questo pregiato tubero. Ci saranno anche mostre fotografiche, installazioni artistiche e interventi di carattere culturale.<\/p>\n<p><strong>Per maggiori informazioni<\/strong> e per consultare il programma visitare il sito Internet: <strong>www.mostratartufo.it<\/strong>.<\/p>\n","protected":false},"excerpt":{"rendered":"<p>Sabato 8 ottobre aprir&agrave; la 48&deg; edizione della &ldquo;Mostra Nazionale del Tartufo Bianco Pregiato delle Marche&rdquo;, che si terr&agrave; a Sant&rsquo;Angelo in Vado, in provincia di Pesaro-Urbino. La &ldquo;Mostra&rdquo; si svolger&agrave; tutti i fine settimana di ottobre e sar&agrave; un&rsquo;occasione, per il centro<\/p>\n","protected":false},"author":1,"featured_media":0,"comment_status":"open","ping_status":"open","sticky":false,"template":"","format":"standard","meta":{"footnotes":""},"categories":[3],"tags":[54,32],"class_list":["post-1863","post","type-post","status-publish","format-standard","hentry","category-turismo","tag-eventi-enogastronomici","tag-marche"],"aioseo_notices":[],"_links":{"self":[{"href":"https:\/\/www.minicity.it\/blog\/wp-json\/wp\/v2\/posts\/1863","targetHints":{"allow":["GET"]}}],"collection":[{"href":"https:\/\/www.minicity.it\/blog\/wp-json\/wp\/v2\/posts"}],"about":[{"href":"https:\/\/www.minicity.it\/blog\/wp-json\/wp\/v2\/types\/post"}],"author":[{"embeddable":true,"href":"https:\/\/www.minicity.it\/blog\/wp-json\/wp\/v2\/users\/1"}],"replies":[{"embeddable":true,"href":"https:\/\/www.minicity.it\/blog\/wp-json\/wp\/v2\/comments?post=1863"}],"version-history":[{"count":0,"href":"https:\/\/www.minicity.it\/blog\/wp-json\/wp\/v2\/posts\/1863\/revisions"}],"wp:attachment":[{"href":"https:\/\/www.minicity.it\/blog\/wp-json\/wp\/v2\/media?parent=1863"}],"wp:term":[{"taxonomy":"category","embeddable":true,"href":"https:\/\/www.minicity.it\/blog\/wp-json\/wp\/v2\/categories?post=1863"},{"taxonomy":"post_tag","embeddable":true,"href":"https:\/\/www.minicity.it\/blog\/wp-json\/wp\/v2\/tags?post=1863"}],"curies":[{"name":"wp","href":"https:\/\/api.w.org\/{rel}","templated":true}]}}