{"id":1900,"date":"2011-10-04T10:34:27","date_gmt":"2011-10-04T10:34:27","guid":{"rendered":"https:\/\/www.minicity.it\/blog\/?p=1900"},"modified":"2011-10-04T10:34:41","modified_gmt":"2011-10-04T10:34:41","slug":"ivana-spagna-a-punta-marina-ravenna","status":"publish","type":"post","link":"https:\/\/www.minicity.it\/blog\/2011\/10\/ivana-spagna-a-punta-marina-ravenna\/","title":{"rendered":"Ivana Spagna a Punta Marina (Ravenna)"},"content":{"rendered":"<p><strong><a href=\"https:\/\/www.minicity.it\/blog\/wp-content\/uploads\/2011\/10\/ivanaspagna.jpg\"><img loading=\"lazy\" decoding=\"async\" class=\"alignleft size-full wp-image-1901\" title=\"ivanaspagna\" src=\"https:\/\/www.minicity.it\/blog\/wp-content\/uploads\/2011\/10\/ivanaspagna.jpg\" alt=\"\" width=\"200\" height=\"149\" \/><\/a>Sabato 15 ottobre<\/strong> prossimo a <strong>Punta Marina<\/strong>, in provincia di <strong>Ravenna<\/strong>, si terr\u00e0 un grande concerto: <strong>Ivana Spagna live<\/strong>. La diva italiana si esibir\u00e0 nell&#8217;ambito di una serata anni Ottanta che si terr\u00e0 al BBK Beach al Punta Marina Terme. Dopo il concerto si terr\u00e0 un dj set a cura di Eighties Bros, Genesi &amp; Manoli.<!--more--><\/p>\n<p>Ivana Spagna \u00e8 una degli artisti italiani che hanno avuto pi\u00f9 successo all&#8217;estero. Brani come Easy Lady o Jealousy, infatti, sono hit a livello internazionale. Per questo la diva nel 2006 ha ricevuto un disco d&#8217;oro alla carriera. Ivana Spagna si \u00e8 dedicata alla dance e alla musica da discoteca per anni, fino a quando, nel 1995, ha iniziato a proporsi come cantautrice italiana, presentandosi al Festival di San Remo con il brano \u201cGente come noi\u201d. Negli anni successivi ha partecipato al festival altre quattro volte, classificandosi sempre in ottime posizioni.<\/p>\n<p>Ivana Spagna ha all&#8217;attivo ben 15 album e l&#8217;8 marzo 2011 ha anche pubblicato la sua autobiografia, &#8220;Quasi una confessione! Tutto quello che non ho mai detto&#8221;, curata da Maurizio Scandurra. Attualmente l&#8217;artista sta lavorando a un nuovo album, che dovrebbe uscire alla fine del 2011.<\/p>\n<p><strong>Dove:<\/strong> BBK Beach, Punta Marina Terme<\/p>\n<p><strong>Quando:<\/strong> sabato 15 ottobre<\/p>\n<p><strong>Per maggiori informazioni:<\/strong> www.bbkbeach.com<\/p>\n","protected":false},"excerpt":{"rendered":"<p>Sabato 15 ottobre prossimo a Punta Marina, in provincia di Ravenna, si terr&agrave; un grande concerto: Ivana Spagna live. La diva italiana si esibir&agrave; nell&rsquo;ambito di una serata anni Ottanta che si terr&agrave; al BBK Beach al Punta Marina Terme. Dopo il concerto si terr&agrave; un dj set a cura di Eighties Bros, Genesi &amp; &#8230;<a class=\"post-readmore\" href=\"https:\/\/www.minicity.it\/blog\/2011\/10\/ivana-spagna-a-punta-marina-ravenna\/\">read more<\/a><\/p>\n","protected":false},"author":7,"featured_media":0,"comment_status":"open","ping_status":"open","sticky":false,"template":"","format":"standard","meta":{"footnotes":""},"categories":[3],"tags":[39,33],"class_list":["post-1900","post","type-post","status-publish","format-standard","hentry","category-turismo","tag-concerti","tag-eventi-riviera"],"aioseo_notices":[],"_links":{"self":[{"href":"https:\/\/www.minicity.it\/blog\/wp-json\/wp\/v2\/posts\/1900","targetHints":{"allow":["GET"]}}],"collection":[{"href":"https:\/\/www.minicity.it\/blog\/wp-json\/wp\/v2\/posts"}],"about":[{"href":"https:\/\/www.minicity.it\/blog\/wp-json\/wp\/v2\/types\/post"}],"author":[{"embeddable":true,"href":"https:\/\/www.minicity.it\/blog\/wp-json\/wp\/v2\/users\/7"}],"replies":[{"embeddable":true,"href":"https:\/\/www.minicity.it\/blog\/wp-json\/wp\/v2\/comments?post=1900"}],"version-history":[{"count":0,"href":"https:\/\/www.minicity.it\/blog\/wp-json\/wp\/v2\/posts\/1900\/revisions"}],"wp:attachment":[{"href":"https:\/\/www.minicity.it\/blog\/wp-json\/wp\/v2\/media?parent=1900"}],"wp:term":[{"taxonomy":"category","embeddable":true,"href":"https:\/\/www.minicity.it\/blog\/wp-json\/wp\/v2\/categories?post=1900"},{"taxonomy":"post_tag","embeddable":true,"href":"https:\/\/www.minicity.it\/blog\/wp-json\/wp\/v2\/tags?post=1900"}],"curies":[{"name":"wp","href":"https:\/\/api.w.org\/{rel}","templated":true}]}}