{"id":1936,"date":"2011-10-05T09:37:52","date_gmt":"2011-10-05T09:37:52","guid":{"rendered":"https:\/\/www.minicity.it\/blog\/?p=1936"},"modified":"2011-10-05T09:37:52","modified_gmt":"2011-10-05T09:37:52","slug":"rimini-punta-sulla-cultura-e-arte-notizie","status":"publish","type":"post","link":"https:\/\/www.minicity.it\/blog\/2011\/10\/rimini-punta-sulla-cultura-e-arte-notizie\/","title":{"rendered":"Rimini punta sulla cultura e l&#8217;arte"},"content":{"rendered":"<p><strong><a href=\"https:\/\/www.minicity.it\/blog\/wp-content\/uploads\/2011\/10\/riminicultura.jpg\"><img loading=\"lazy\" decoding=\"async\" class=\"alignleft size-full wp-image-1937\" title=\"riminicultura\" src=\"https:\/\/www.minicity.it\/blog\/wp-content\/uploads\/2011\/10\/riminicultura.jpg\" alt=\"\" width=\"200\" height=\"160\" \/><\/a>Marted\u00ec 4 ottobre<\/strong> il sindaco di Rimini, Andrea Gnassi, in compagnia dell&#8217;assessore alla Cultura, Massimo Pulini, hanno presentato un progetto nuovo per Rimini, che punta sulla cultura. <strong>Si tratta del \u201cFar\u201d<\/strong>, acronimo di <strong>\u201cFabbrica di Arte Rimini\u201d<\/strong>. Si tratter\u00e0 di uno spazio che verr\u00e0 allestito nella Sala dell&#8217;Arengo, che verr\u00e0 risistemata<!--more--> e ristrutturata per poterne ammirare gli affreschi.<\/p>\n<p>Il progetto \u201cFar\u201d vuole essere una rete che metta insieme le realt\u00e0 artistiche del territorio riminese, in un&#8217;ottica, pi\u00f9 volte ribadita, di slegare il turismo a Rimini dalla sola realt\u00e0 estiva, della spiaggia e del divertimento. \u201cFar\u201d sar\u00e0 s\u00ec una realt\u00e0 che punta sul territorio riminese, ma che guarda a tutto il Paese, proponendo artisti e mostre, con un lavoro di ricerca e di sviluppo nel campo artistico. Insomma, il lavoro da committente.<\/p>\n<p>Il progetto \u201cFar\u201d si vuole inoltre collegare con realt\u00e0 che gi\u00e0 esistono e che hanno bisogno di essere rilanciate, come la Biblioteca di Rimini e il Museo Comunale.<\/p>\n<p>La prima mostra del \u201cFar\u201d si terr\u00e0 a dicembre. Sar\u00e0 Flavio Marchetti, fotografo riminese, ad esporre, con un lavoro dedicato a cento riminesi e al loro lavoro. Seguir\u00e0 la triestina Serse Roma e ad aprile sar\u00e0 la volta di Simone Pellegrini, anconetano di origine ma bolognese di adozione. \u00c8 prevista, inoltre, una mostra dell&#8217;Istituto dei Beni Culturali della Regione Emilia Romagna dal suggestivo titolo \u201cVie del Dialogo\u201d.<\/p>\n<p>Per ora si tratta di lavoro \u201clow cost\u201d: gli artisti sono pagati il minimo, non verr\u00e0 pubblicato il catalogo&#8230; Ma lo scopo \u00e8 quello, in questi mesi, di trovare sponsor e partner in tutta la citt\u00e0 per offrire poi prodotti di grande qualit\u00e0.<\/p>\n","protected":false},"excerpt":{"rendered":"<p>Marted&igrave; 4 ottobre il sindaco di Rimini, Andrea Gnassi, in compagnia dell&rsquo;assessore alla Cultura, Massimo Pulini, hanno presentato un progetto nuovo per Rimini, che punta sulla cultura. Si tratta del &ldquo;Far&rdquo;, acronimo di &ldquo;Fabbrica di Arte Rimini&rdquo;. Si tratter&agrave; di uno spazio che verr&agrave; allestito nella Sala dell&rsquo;Arengo, che verr&agrave; risistemata<\/p>\n","protected":false},"author":7,"featured_media":0,"comment_status":"open","ping_status":"open","sticky":false,"template":"","format":"standard","meta":{"footnotes":""},"categories":[3],"tags":[55,10],"class_list":["post-1936","post","type-post","status-publish","format-standard","hentry","category-turismo","tag-notizie-cultura","tag-rimini"],"aioseo_notices":[],"_links":{"self":[{"href":"https:\/\/www.minicity.it\/blog\/wp-json\/wp\/v2\/posts\/1936","targetHints":{"allow":["GET"]}}],"collection":[{"href":"https:\/\/www.minicity.it\/blog\/wp-json\/wp\/v2\/posts"}],"about":[{"href":"https:\/\/www.minicity.it\/blog\/wp-json\/wp\/v2\/types\/post"}],"author":[{"embeddable":true,"href":"https:\/\/www.minicity.it\/blog\/wp-json\/wp\/v2\/users\/7"}],"replies":[{"embeddable":true,"href":"https:\/\/www.minicity.it\/blog\/wp-json\/wp\/v2\/comments?post=1936"}],"version-history":[{"count":0,"href":"https:\/\/www.minicity.it\/blog\/wp-json\/wp\/v2\/posts\/1936\/revisions"}],"wp:attachment":[{"href":"https:\/\/www.minicity.it\/blog\/wp-json\/wp\/v2\/media?parent=1936"}],"wp:term":[{"taxonomy":"category","embeddable":true,"href":"https:\/\/www.minicity.it\/blog\/wp-json\/wp\/v2\/categories?post=1936"},{"taxonomy":"post_tag","embeddable":true,"href":"https:\/\/www.minicity.it\/blog\/wp-json\/wp\/v2\/tags?post=1936"}],"curies":[{"name":"wp","href":"https:\/\/api.w.org\/{rel}","templated":true}]}}