{"id":1991,"date":"2011-10-07T09:56:21","date_gmt":"2011-10-07T09:56:21","guid":{"rendered":"https:\/\/www.minicity.it\/blog\/?p=1991"},"modified":"2011-10-07T09:56:21","modified_gmt":"2011-10-07T09:56:21","slug":"ravenna-solidale-con-i-bambini","status":"publish","type":"post","link":"https:\/\/www.minicity.it\/blog\/2011\/10\/ravenna-solidale-con-i-bambini\/","title":{"rendered":"Ravenna solidale con i bambini"},"content":{"rendered":"<p><a href=\"https:\/\/www.minicity.it\/blog\/wp-content\/uploads\/2011\/10\/eventisolidarietaravenna.jpg\"><img loading=\"lazy\" decoding=\"async\" class=\"alignleft size-full wp-image-1993\" title=\"eventisolidarietaravenna\" src=\"https:\/\/www.minicity.it\/blog\/wp-content\/uploads\/2011\/10\/eventisolidarietaravenna.jpg\" alt=\"\" width=\"200\" height=\"150\" \/><\/a>Domenica ci sar\u00e0 una grande giornata di <strong>solidariet\u00e0 a Ravenna<\/strong>, <strong>\u201cBimba Mia Bimbo Mio\u201d<\/strong> a cui parteciperanno i musei della citt\u00e0 e il Musa (il Museo del sale di Cervia).<\/p>\n<p>La giornata si svolger\u00e0 al Pala De Andr\u00e9: si tratta di una giornata<!--more--> di solidariet\u00e0 per l&#8217;infanzia con disabilit\u00e0 che durer\u00e0 tutto il giorno, dalle 10:00 alle 19:00.<\/p>\n<p>Le varie realt\u00e0 presenti organizzeranno dei laboratori per i bambini: \u201cCornici al Sale\u201d per imparare a creare oggetti colorati con il sale, oppure \u201cSapore di sale\u201d, dedicato alla scoperta della flora e della fauna che vivono nelle saline.<\/p>\n<p>\u201cBimba Mia Bimbo Mio\u201d \u00e8 organizzata dalla Fondazione &#8220;Dopo di noi&#8221; con la collaborazione del Comune di Ravenna.<\/p>\n<p><strong>Dove:<\/strong> Ravenna, Pala de Andr\u00e9<\/p>\n<p><strong>Quando:<\/strong> Domenica 9 ottobre, dalle 10:00 alle 19:00<\/p>\n","protected":false},"excerpt":{"rendered":"<p>Domenica ci sar&agrave; una grande giornata di solidariet&agrave; a Ravenna, &ldquo;Bimba Mia Bimbo Mio&rdquo; a cui parteciperanno i musei della citt&agrave; e il Musa (il Museo del sale di Cervia). La giornata si svolger&agrave; al Pala De Andr&eacute;: si tratta di una giornata<\/p>\n","protected":false},"author":1,"featured_media":0,"comment_status":"open","ping_status":"open","sticky":false,"template":"","format":"standard","meta":{"footnotes":""},"categories":[3],"tags":[20,33],"class_list":["post-1991","post","type-post","status-publish","format-standard","hentry","category-turismo","tag-cervia","tag-eventi-riviera"],"aioseo_notices":[],"_links":{"self":[{"href":"https:\/\/www.minicity.it\/blog\/wp-json\/wp\/v2\/posts\/1991","targetHints":{"allow":["GET"]}}],"collection":[{"href":"https:\/\/www.minicity.it\/blog\/wp-json\/wp\/v2\/posts"}],"about":[{"href":"https:\/\/www.minicity.it\/blog\/wp-json\/wp\/v2\/types\/post"}],"author":[{"embeddable":true,"href":"https:\/\/www.minicity.it\/blog\/wp-json\/wp\/v2\/users\/1"}],"replies":[{"embeddable":true,"href":"https:\/\/www.minicity.it\/blog\/wp-json\/wp\/v2\/comments?post=1991"}],"version-history":[{"count":0,"href":"https:\/\/www.minicity.it\/blog\/wp-json\/wp\/v2\/posts\/1991\/revisions"}],"wp:attachment":[{"href":"https:\/\/www.minicity.it\/blog\/wp-json\/wp\/v2\/media?parent=1991"}],"wp:term":[{"taxonomy":"category","embeddable":true,"href":"https:\/\/www.minicity.it\/blog\/wp-json\/wp\/v2\/categories?post=1991"},{"taxonomy":"post_tag","embeddable":true,"href":"https:\/\/www.minicity.it\/blog\/wp-json\/wp\/v2\/tags?post=1991"}],"curies":[{"name":"wp","href":"https:\/\/api.w.org\/{rel}","templated":true}]}}