{"id":2015,"date":"2011-10-07T13:13:10","date_gmt":"2011-10-07T13:13:10","guid":{"rendered":"https:\/\/www.minicity.it\/blog\/?p=2015"},"modified":"2011-10-07T13:13:10","modified_gmt":"2011-10-07T13:13:10","slug":"riccione-estate-2011-statistische-doro","status":"publish","type":"post","link":"https:\/\/www.minicity.it\/blog\/2011\/10\/riccione-estate-2011-statistische-doro\/","title":{"rendered":"Riccione: un 2011 d&#8217;oro"},"content":{"rendered":"<p><a href=\"https:\/\/www.minicity.it\/blog\/wp-content\/uploads\/2011\/06\/spiaggiariccione.jpg\"><img loading=\"lazy\" decoding=\"async\" class=\"alignleft size-full wp-image-1111\" title=\"spiaggiariccione\" src=\"https:\/\/www.minicity.it\/blog\/wp-content\/uploads\/2011\/06\/spiaggiariccione.jpg\" alt=\"\" width=\"200\" height=\"140\" \/><\/a>Riccione ha avuto una <strong>stagione estiva d&#8217;oro<\/strong>: il <strong>2011<\/strong> \u00e8 stato l&#8217;anno pi\u00f9 positivo di una lunga serie, sopratutto in un momento di recessione e crisi economica.<\/p>\n<p>I dati arrivano dall&#8217;<strong>Osservatorio turistico Luigino Montanari<\/strong>, e sono stati elaborati<!--more--> partendo da 105 questionari che sono stati inviati a coloro che hanno strutture ricettive o che gestiscono attivit\u00e0 che hanno a che fare con il turismo.<\/p>\n<p>Le risposte, nel 98% dei casi, sono state positive: solo il 2% degli intervistati si \u00e8 espresso negativamente sulla stagione estiva appena conclusa.<\/p>\n<p>In generale gli intervista hanno affermato che agosto era partito male, ma che poi si \u00e8 concluso benissimo, con molti arrivi: per il 60% degli intervistati il periodo dal 15 al 30 agosto \u00e8 stato migliore del 2010, mentre per il 34% \u00e8 andata come lo scorso anno; per quanto riguarda settembre, invece, per il 39% \u00e8 andata meglio e per il 34% \u00e8 stato come il 2010.<\/p>\n<p>Per il 59% degli intervistati il mese peggiore \u2013 e peggiore anche del 2010 \u2013 \u00e8 stato maggio.<\/p>\n<p>Questi risultati sono dovuti in parte al fatto che le tariffe non sono aumentate rispetto all&#8217;anno precedente, cosa che ha permesso di rimanere competitivi sul mercato.<\/p>\n<p><strong>E le statistiche<\/strong> della provincia di Rimini confermano questi dati: nella stagione estiva 2011 sono stati registrati 599.261 arrivi, con un aumento del 4,60% rispetto all&#8217;anno precedente, mentre per quanto riguarda le presenze si \u00e8 registrato un aumento del 4%.<\/p>\n<p>Diminuiscono gli stranieri, ma aumentano le famiglie giovani e le coppie senza figli. Allo stesso modo aumenta il periodo di soggiorni, dai 5 giorni del 2010 ai 7 del 2011.<\/p>\n","protected":false},"excerpt":{"rendered":"<p>Riccione ha avuto una stagione estiva d&rsquo;oro: il 2011 &egrave; stato l&rsquo;anno pi&ugrave; positivo di una lunga serie, sopratutto in un momento di recessione e crisi economica. I dati arrivano dall&rsquo;Osservatorio turistico Luigino Montanari, e sono stati elaborati<\/p>\n","protected":false},"author":6,"featured_media":0,"comment_status":"open","ping_status":"open","sticky":false,"template":"","format":"standard","meta":{"footnotes":""},"categories":[3],"tags":[34,44],"class_list":["post-2015","post","type-post","status-publish","format-standard","hentry","category-turismo","tag-riccione","tag-statistiche"],"aioseo_notices":[],"_links":{"self":[{"href":"https:\/\/www.minicity.it\/blog\/wp-json\/wp\/v2\/posts\/2015","targetHints":{"allow":["GET"]}}],"collection":[{"href":"https:\/\/www.minicity.it\/blog\/wp-json\/wp\/v2\/posts"}],"about":[{"href":"https:\/\/www.minicity.it\/blog\/wp-json\/wp\/v2\/types\/post"}],"author":[{"embeddable":true,"href":"https:\/\/www.minicity.it\/blog\/wp-json\/wp\/v2\/users\/6"}],"replies":[{"embeddable":true,"href":"https:\/\/www.minicity.it\/blog\/wp-json\/wp\/v2\/comments?post=2015"}],"version-history":[{"count":0,"href":"https:\/\/www.minicity.it\/blog\/wp-json\/wp\/v2\/posts\/2015\/revisions"}],"wp:attachment":[{"href":"https:\/\/www.minicity.it\/blog\/wp-json\/wp\/v2\/media?parent=2015"}],"wp:term":[{"taxonomy":"category","embeddable":true,"href":"https:\/\/www.minicity.it\/blog\/wp-json\/wp\/v2\/categories?post=2015"},{"taxonomy":"post_tag","embeddable":true,"href":"https:\/\/www.minicity.it\/blog\/wp-json\/wp\/v2\/tags?post=2015"}],"curies":[{"name":"wp","href":"https:\/\/api.w.org\/{rel}","templated":true}]}}