{"id":2034,"date":"2011-10-10T11:50:50","date_gmt":"2011-10-10T11:50:50","guid":{"rendered":"https:\/\/www.minicity.it\/blog\/?p=2034"},"modified":"2011-10-10T11:50:50","modified_gmt":"2011-10-10T11:50:50","slug":"il-turismo-organizzato-e-in-crisi","status":"publish","type":"post","link":"https:\/\/www.minicity.it\/blog\/2011\/10\/il-turismo-organizzato-e-in-crisi\/","title":{"rendered":"Il turismo organizzato \u00e8 in crisi"},"content":{"rendered":"<p><a href=\"https:\/\/www.minicity.it\/blog\/wp-content\/uploads\/2011\/10\/turismoorganizzato.jpg\"><img loading=\"lazy\" decoding=\"async\" class=\"alignleft size-full wp-image-2035\" title=\"turismoorganizzato\" src=\"https:\/\/www.minicity.it\/blog\/wp-content\/uploads\/2011\/10\/turismoorganizzato.jpg\" alt=\"\" width=\"200\" height=\"150\" \/><\/a>Federviaggio, la Federazione del turismo e Fiavet (Federazione Italiana Associazioni Imprese di Viaggi e Turismo), l&#8217;associazione di categoria delle Agenzie di Viaggio, hanno commissionato una ricerca a TradeLab per monitorare la situazione del Turismo organizzato in Italia nel 2011.<!--more--><\/p>\n<p>E il quadro che ne esce \u00e8 molto nero: 600 mila viaggiatori in meno e una perdita di fatturato di quasi mezzo miliardo di euro. La ricerca \u00e8 stata presentata a Rimini, in occasione di TTG Incontri di Rimini, grande kermesse del settore che si \u00e8 tenuta dal 6 al 9 ottobre scorso a Rimini.<\/p>\n<p>Ma cosa dice la ricerca? Si registra un meno 16% nella domanda di viaggi e pacchetti vacanze, con un incidenza del meno 13% nel fatturato. Si \u00e8 registrata, in totale, una perdita del 21% dei clienti. Va detto che, al contrario, le prenotazioni di viaggi e vacanze online invece sono in aumento: con la diffusione di Internet e dell&#8217;alfabetizzazione informatica le persone tendono sempre meno a cercare un intermediario per organizzare i loro viaggi.<\/p>\n<p>I risultati sono stati commentati da Cinzia Renzi, Presidente Fiavet, che ha rilevato la preoccupazione di un settore composto prevalentemente da imprese medio-piccole che rischia l&#8217;estinzione.<\/p>\n<p>La Renzi per questo ha, infatti, chiesto l&#8217;intervento del Governo in tre punti: la lotta all\u2019abusivismo di alcune associazioni e onlus che generano evasione fiscale perch\u00e9 si sostituiscono alle agenzie, un lavoro per poter destagionalizzare il turismo e una revisione del calendario scolastico, in modo da incentivare i viaggi di gruppi di studenti.<\/p>\n<p>Luca Patan\u00e8, vice presidente Federviaggio, ha aggiunto che il rischio tocca ben 2 milioni di persone, che direttamente o indirettamente sono impiegate in questo settore.<\/p>\n<p>La ricerca di TradeLab indica anche come la contrazione abbia toccato molto la Sardegna, che ha registrato un meno 13% rispetto al 2010, mentre sono andate bene la Grecia e la Spagna.<\/p>\n","protected":false},"excerpt":{"rendered":"<p>Federviaggio, la Federazione del turismo e Fiavet (Federazione Italiana Associazioni Imprese di Viaggi e Turismo), l&rsquo;associazione di categoria delle Agenzie di Viaggio, hanno commissionato una ricerca a TradeLab per monitorare la situazione del Turismo organizzato in Italia nel 2011.<\/p>\n","protected":false},"author":7,"featured_media":0,"comment_status":"open","ping_status":"open","sticky":false,"template":"","format":"standard","meta":{"footnotes":""},"categories":[3],"tags":[5,44],"class_list":["post-2034","post","type-post","status-publish","format-standard","hentry","category-turismo","tag-notizie","tag-statistiche"],"aioseo_notices":[],"_links":{"self":[{"href":"https:\/\/www.minicity.it\/blog\/wp-json\/wp\/v2\/posts\/2034","targetHints":{"allow":["GET"]}}],"collection":[{"href":"https:\/\/www.minicity.it\/blog\/wp-json\/wp\/v2\/posts"}],"about":[{"href":"https:\/\/www.minicity.it\/blog\/wp-json\/wp\/v2\/types\/post"}],"author":[{"embeddable":true,"href":"https:\/\/www.minicity.it\/blog\/wp-json\/wp\/v2\/users\/7"}],"replies":[{"embeddable":true,"href":"https:\/\/www.minicity.it\/blog\/wp-json\/wp\/v2\/comments?post=2034"}],"version-history":[{"count":0,"href":"https:\/\/www.minicity.it\/blog\/wp-json\/wp\/v2\/posts\/2034\/revisions"}],"wp:attachment":[{"href":"https:\/\/www.minicity.it\/blog\/wp-json\/wp\/v2\/media?parent=2034"}],"wp:term":[{"taxonomy":"category","embeddable":true,"href":"https:\/\/www.minicity.it\/blog\/wp-json\/wp\/v2\/categories?post=2034"},{"taxonomy":"post_tag","embeddable":true,"href":"https:\/\/www.minicity.it\/blog\/wp-json\/wp\/v2\/tags?post=2034"}],"curies":[{"name":"wp","href":"https:\/\/api.w.org\/{rel}","templated":true}]}}