{"id":2059,"date":"2011-10-11T11:22:34","date_gmt":"2011-10-11T11:22:34","guid":{"rendered":"https:\/\/www.minicity.it\/blog\/?p=2059"},"modified":"2011-10-11T11:22:34","modified_gmt":"2011-10-11T11:22:34","slug":"bike-sharing-a-cesena","status":"publish","type":"post","link":"https:\/\/www.minicity.it\/blog\/2011\/10\/bike-sharing-a-cesena\/","title":{"rendered":"Bike-sharing a Cesena"},"content":{"rendered":"<p><a href=\"https:\/\/www.minicity.it\/blog\/wp-content\/uploads\/2011\/10\/bikesharingcesena.jpg\"><img loading=\"lazy\" decoding=\"async\" class=\"alignleft size-full wp-image-2060\" title=\"bikesharingcesena\" src=\"https:\/\/www.minicity.it\/blog\/wp-content\/uploads\/2011\/10\/bikesharingcesena.jpg\" alt=\"\" width=\"200\" height=\"150\" \/><\/a>Grazie al progetto <strong>&#8220;Mi muovo in bici&#8221;<\/strong> a Cesena arriveranno 58 nuove biciclette pubbliche per muoversi in citt\u00e0 in maniera ecologica, economica e pulita.<\/p>\n<p>Sparse per il centro esistono gi\u00e0 oltre 60 biciclette pubbliche che, per\u00f2, non sono sufficienti ai <!--more-->bisogni dei cittadini, che a quanto pare hanno accolto molto positivamente l&#8217;iniziativa.<\/p>\n<p>In centro, per esempio, il tasso di utilizzo delle biciclette ha raggiunto l&#8217;80%, mentre in stazione, dove c&#8217;\u00e8 pi\u00f9 movimento di persone, arriva addirittura al 100%.<\/p>\n<p>Per utilizzare queste biciclette bisogna essere in possesso di una chiavetta elettronica che viene consegnata dal comune direttamente ai cittadini che ne fanno richiesta.<\/p>\n<p>Le biciclette verranno cos\u00ec distribuite: 32 alla stazione ferroviaria, 8 in Piazza della libert\u00e0, 8 in piazza Almerici, 8 al parcheggio Mattarella e 8 all&#8217;ex zuccherificio.<\/p>\n<p>&#8220;Mi muovo in bici&#8221; \u00e8 un progetto della regione Emilia-Romagna che mette a disponsizione delle biciclette pubbliche nelle citt\u00e0 con pi\u00f9 di 50 mila abitanti. Tra le citt\u00e0 della regione che hanno aderito troviamo Modena, Ravenna, Rimini, Ferrara, Forl\u00ec, Piacenza, Imola, Parma e Reggio Emilia.<\/p>\n<p>La citt\u00e0 che ha pi\u00f9 biciclette \u00e8 Modena, quella con meno Imola. A Rimini ce ne sono oltre 80, sparse in diverse zone del centro storico.<\/p>\n<p>Secondo gli accordi di &#8220;Mi muovo in bici&#8221; la Regione fornisce le biciclette e il supporto tecnico (colonnine, chiavette&#8230;) mentre i comuni si incaricano di montarle nelle zone della citt\u00e0 di maggior afflusso. La Regione si incarica anche delle spese di manutenzione per i primi due anni di utilizzo delle biciclette.<\/p>\n","protected":false},"excerpt":{"rendered":"<p>Grazie al progetto &ldquo;Mi muovo in bici&rdquo; a Cesena arriveranno 58 nuove biciclette pubbliche per muoversi in citt&agrave; in maniera ecologica, economica e pulita. Sparse per il centro esistono gi&agrave; oltre 60 biciclette pubbliche che, per&ograve;, non sono sufficienti ai<\/p>\n","protected":false},"author":6,"featured_media":0,"comment_status":"open","ping_status":"open","sticky":false,"template":"","format":"standard","meta":{"footnotes":""},"categories":[3],"tags":[],"class_list":["post-2059","post","type-post","status-publish","format-standard","hentry","category-turismo"],"aioseo_notices":[],"_links":{"self":[{"href":"https:\/\/www.minicity.it\/blog\/wp-json\/wp\/v2\/posts\/2059","targetHints":{"allow":["GET"]}}],"collection":[{"href":"https:\/\/www.minicity.it\/blog\/wp-json\/wp\/v2\/posts"}],"about":[{"href":"https:\/\/www.minicity.it\/blog\/wp-json\/wp\/v2\/types\/post"}],"author":[{"embeddable":true,"href":"https:\/\/www.minicity.it\/blog\/wp-json\/wp\/v2\/users\/6"}],"replies":[{"embeddable":true,"href":"https:\/\/www.minicity.it\/blog\/wp-json\/wp\/v2\/comments?post=2059"}],"version-history":[{"count":0,"href":"https:\/\/www.minicity.it\/blog\/wp-json\/wp\/v2\/posts\/2059\/revisions"}],"wp:attachment":[{"href":"https:\/\/www.minicity.it\/blog\/wp-json\/wp\/v2\/media?parent=2059"}],"wp:term":[{"taxonomy":"category","embeddable":true,"href":"https:\/\/www.minicity.it\/blog\/wp-json\/wp\/v2\/categories?post=2059"},{"taxonomy":"post_tag","embeddable":true,"href":"https:\/\/www.minicity.it\/blog\/wp-json\/wp\/v2\/tags?post=2059"}],"curies":[{"name":"wp","href":"https:\/\/api.w.org\/{rel}","templated":true}]}}