{"id":2078,"date":"2011-10-11T15:02:16","date_gmt":"2011-10-11T15:02:16","guid":{"rendered":"https:\/\/www.minicity.it\/blog\/?p=2078"},"modified":"2011-10-11T15:02:16","modified_gmt":"2011-10-11T15:02:16","slug":"cervia-il-pesce-adriatico-eventi-enogastronomici","status":"publish","type":"post","link":"https:\/\/www.minicity.it\/blog\/2011\/10\/cervia-il-pesce-adriatico-eventi-enogastronomici\/","title":{"rendered":"Cervia: il Pesce dell&#8217;Adriatico&#8230;"},"content":{"rendered":"<p><a href=\"https:\/\/www.minicity.it\/blog\/wp-content\/uploads\/2011\/10\/pesceadriaticoeventicervia.jpg\"><img loading=\"lazy\" decoding=\"async\" class=\"alignleft size-full wp-image-2079\" title=\"pesceadriaticoeventicervia\" src=\"https:\/\/www.minicity.it\/blog\/wp-content\/uploads\/2011\/10\/pesceadriaticoeventicervia.jpg\" alt=\"\" width=\"200\" height=\"109\" \/><\/a>Arrivano degli <strong>eventi enogastronomici a Cervia<\/strong> organizzati dal circolo dei pescatori <strong>&#8220;La Pantofla&#8221;<\/strong>.<\/p>\n<p><strong>CERVIA.<\/strong> Le serate dedicate alla gastronomia e in particolare al <!--more-->Pesce dell&#8217;Adriatico stanno gi\u00e0 riscuotendo successo in citt\u00e0. Iniziativa organizzata dal circolo &#8220;La Pantofla&#8221; che prende il nome &#8220;Serate Gastronomiche a tema&#8221;.<\/p>\n<p>Gi\u00e0 da domani si terr\u00e0 il secondo appuntamento alle ore 19:30 in via Nazario Sauro 1. Evento a cui non possono mancare gli amanti della buona cucina di pesce. L&#8217;iniziativa ha come scopo quello di far riscoprire antiche tradizioni enogastronomiche della riviera romagnola dove non pu\u00f2 mancare il <strong>Pesce dell&#8217;Adriatico<\/strong> in tavola!<\/p>\n<p>Ogni mercoled\u00ec sar\u00e0 proposto un men\u00f9 diverso, ma che avr\u00e0 sempre come ingrediente principale il Pesce dell&#8217;Adriatico&#8230;<\/p>\n","protected":false},"excerpt":{"rendered":"<p>Arrivano degli eventi enogastronomici a Cervia organizzati dal circolo dei pescatori &ldquo;La Pantofla&rdquo;. CERVIA. Le serate dedicate alla gastronomia e in particolare al<\/p>\n","protected":false},"author":1,"featured_media":0,"comment_status":"open","ping_status":"open","sticky":false,"template":"","format":"standard","meta":{"footnotes":""},"categories":[3],"tags":[20,54],"class_list":["post-2078","post","type-post","status-publish","format-standard","hentry","category-turismo","tag-cervia","tag-eventi-enogastronomici"],"aioseo_notices":[],"_links":{"self":[{"href":"https:\/\/www.minicity.it\/blog\/wp-json\/wp\/v2\/posts\/2078","targetHints":{"allow":["GET"]}}],"collection":[{"href":"https:\/\/www.minicity.it\/blog\/wp-json\/wp\/v2\/posts"}],"about":[{"href":"https:\/\/www.minicity.it\/blog\/wp-json\/wp\/v2\/types\/post"}],"author":[{"embeddable":true,"href":"https:\/\/www.minicity.it\/blog\/wp-json\/wp\/v2\/users\/1"}],"replies":[{"embeddable":true,"href":"https:\/\/www.minicity.it\/blog\/wp-json\/wp\/v2\/comments?post=2078"}],"version-history":[{"count":0,"href":"https:\/\/www.minicity.it\/blog\/wp-json\/wp\/v2\/posts\/2078\/revisions"}],"wp:attachment":[{"href":"https:\/\/www.minicity.it\/blog\/wp-json\/wp\/v2\/media?parent=2078"}],"wp:term":[{"taxonomy":"category","embeddable":true,"href":"https:\/\/www.minicity.it\/blog\/wp-json\/wp\/v2\/categories?post=2078"},{"taxonomy":"post_tag","embeddable":true,"href":"https:\/\/www.minicity.it\/blog\/wp-json\/wp\/v2\/tags?post=2078"}],"curies":[{"name":"wp","href":"https:\/\/api.w.org\/{rel}","templated":true}]}}