{"id":2083,"date":"2011-10-12T09:42:27","date_gmt":"2011-10-12T09:42:27","guid":{"rendered":"https:\/\/www.minicity.it\/blog\/?p=2083"},"modified":"2011-10-12T09:42:27","modified_gmt":"2011-10-12T09:42:27","slug":"palacongressi-di-rimini-si-avvicina-linaugurazione","status":"publish","type":"post","link":"https:\/\/www.minicity.it\/blog\/2011\/10\/palacongressi-di-rimini-si-avvicina-linaugurazione\/","title":{"rendered":"Palacongressi di Rimini: Si avvicina l&#8217;inaugurazione"},"content":{"rendered":"<p><a href=\"https:\/\/www.minicity.it\/blog\/wp-content\/uploads\/2011\/09\/palacongressi-rimini.jpg\"><img loading=\"lazy\" decoding=\"async\" class=\"aligncenter size-full wp-image-1520\" title=\"palacongressi-rimini\" src=\"https:\/\/www.minicity.it\/blog\/wp-content\/uploads\/2011\/09\/palacongressi-rimini.jpg\" alt=\"\" width=\"400\" height=\"259\" \/><\/a><strong><br \/>\nSabato 15<\/strong> ottobre si avvicina. \u00c8 la data fatidica e tanto attesa nella quale il nuovo <strong>Palacongressi di Rimini<\/strong> verr\u00e0 inaugurato. Saranno presenti, per l&#8217;occasione, il Ministro del Turismo, Michela Vittoria Brambilla, e il presidente della Regione Emilia-Romagna, Vasco Errani.<!--more--><\/p>\n<p>\u00c8 recente la notizia dell&#8217;arrivo della famosa \u201cperla\u201d del Palacongressi, una sfera in granito \u201croyal white\u201d che \u00e8 stata collocata al centro di uno specchio d&#8217;acqua tondo che \u00e8 visibile entrando dal parcheggio del Palacongressi o dal foyer all&#8217;entrata. Il colore e la forma devono richiamare la conchiglia che \u00e8 sopra all&#8217;enorme anfiteatro della struttura: si tratta di uno spazio che pu\u00f2 ospitare fino al 1600 persone e nel quale si terr\u00e0 la cerimonia di sabato.<\/p>\n<p>La famosa \u201cperla\u201d ha un diametro di 205 centimetri \u2013 la pi\u00f9 grande in Europa \u2013 e pesa 16 tonnellate. \u00c8 pensata per girare su se stessa grazie a un sistema di cuscinetti ad acqua che funzionano a pressione. Si tratta di un&#8217;opera dell&#8217;azienda tedesca Kusser, con sede a Passau.<\/p>\n<p>La pi\u00f9 grande del mondo si trova nel museo della Scienza di Richmond in Virginia: questa ha un diametro di 265 centimetri. La \u201csfera\u201d di Rimini si \u00e8 potuta costruire grazie al ritrovamento, a Carrara, di un blocco di granito delle esatte dimensioni.<\/p>\n<p>Ricordiamo che il Palacongressi di Rimini \u00e8 stato disegnato da un architetto tedesco, Volkwin Marg, di Amburgo. Ha una superficie di 38 mila metri quadrati e un costo complessivo di 117 milioni di euro. \u00c8 una delle strutture del genere pi\u00f9 grandi in Europa e fa parte del piano di rilancio del turismo congressuale della Provincia di Rimini.<\/p>\n","protected":false},"excerpt":{"rendered":"<p>Sabato 15 ottobre si avvicina. &Egrave; la data fatidica e tanto attesa nella quale il nuovo Palacongressi di Rimini verr&agrave; inaugurato. Saranno presenti, per l&rsquo;occasione, il Ministro del Turismo, Michela Vittoria Brambilla, e il presidente della Regione Emilia-Romagna, Vasco Errani.<\/p>\n","protected":false},"author":6,"featured_media":0,"comment_status":"open","ping_status":"open","sticky":false,"template":"","format":"standard","meta":{"footnotes":""},"categories":[3],"tags":[52,10],"class_list":["post-2083","post","type-post","status-publish","format-standard","hentry","category-turismo","tag-fiere-turismo","tag-rimini"],"aioseo_notices":[],"_links":{"self":[{"href":"https:\/\/www.minicity.it\/blog\/wp-json\/wp\/v2\/posts\/2083","targetHints":{"allow":["GET"]}}],"collection":[{"href":"https:\/\/www.minicity.it\/blog\/wp-json\/wp\/v2\/posts"}],"about":[{"href":"https:\/\/www.minicity.it\/blog\/wp-json\/wp\/v2\/types\/post"}],"author":[{"embeddable":true,"href":"https:\/\/www.minicity.it\/blog\/wp-json\/wp\/v2\/users\/6"}],"replies":[{"embeddable":true,"href":"https:\/\/www.minicity.it\/blog\/wp-json\/wp\/v2\/comments?post=2083"}],"version-history":[{"count":0,"href":"https:\/\/www.minicity.it\/blog\/wp-json\/wp\/v2\/posts\/2083\/revisions"}],"wp:attachment":[{"href":"https:\/\/www.minicity.it\/blog\/wp-json\/wp\/v2\/media?parent=2083"}],"wp:term":[{"taxonomy":"category","embeddable":true,"href":"https:\/\/www.minicity.it\/blog\/wp-json\/wp\/v2\/categories?post=2083"},{"taxonomy":"post_tag","embeddable":true,"href":"https:\/\/www.minicity.it\/blog\/wp-json\/wp\/v2\/tags?post=2083"}],"curies":[{"name":"wp","href":"https:\/\/api.w.org\/{rel}","templated":true}]}}