{"id":2089,"date":"2011-10-12T12:13:18","date_gmt":"2011-10-12T12:13:18","guid":{"rendered":"https:\/\/www.minicity.it\/blog\/?p=2089"},"modified":"2011-10-12T12:13:18","modified_gmt":"2011-10-12T12:13:18","slug":"la-macro-regione-adriatico-ionica-e-quasi-realta","status":"publish","type":"post","link":"https:\/\/www.minicity.it\/blog\/2011\/10\/la-macro-regione-adriatico-ionica-e-quasi-realta\/","title":{"rendered":"La macro-regione Adriatico-Ionica \u00e8 quasi realt\u00e0"},"content":{"rendered":"<p><a href=\"https:\/\/www.minicity.it\/blog\/wp-content\/uploads\/2011\/10\/macro-regioneAdriatico-Ionica.jpg\"><img loading=\"lazy\" decoding=\"async\" class=\"alignleft size-full wp-image-2090\" title=\"macro-regioneAdriatico-Ionica\" src=\"https:\/\/www.minicity.it\/blog\/wp-content\/uploads\/2011\/10\/macro-regioneAdriatico-Ionica.jpg\" alt=\"\" width=\"200\" height=\"154\" \/><\/a>Da anni ormai si parla della costituzione della <strong>macro-regione Adriatico-Ionica<\/strong>, una regione europea che dovrebbe mettere insieme gli otto Paesi che si affacciano sull&#8217;Adriatico e sullo Ionio.<\/p>\n<p>Il Presidente della Regione Marche, Gian Mario Spacca, ha presentato il progetto definitivo a Bruxelles lo scorso<!--more--> 11 ottobre, durante la seduta Plenaria del Comitato delle Regioni europee, che ha dato il suo assenso per la creazione di questa entit\u00e0 entro il 2014.<\/p>\n<p>Le Marche sono alla testa del comitato e tra le maggiori sostenitrici del progetto. La macro-regione Adriatico-Ionica sarebbe la terza macro-regione in Europa, dopo quelle del Baltico e del Danubio e comprenderebbe Italia, Slovenia, Croazia, Bosnia-Erzegovina, Montenegro, Albania e Grecia.<\/p>\n<p>La macro-regione dovrebbe coordinare le risorse europee del bilancio per il periodo 2012-2013 e permetterebbe, secondo le parole dello stesso Spacca, di monitorare la zona in maniera pi\u00f9 capillare e favorire il processo di integrazione europea, che \u00e8 pi\u00f9 difficile, soprattutto nelle regioni pi\u00f9 povere. Inoltre permetterebbe di far collaborare regioni che sono state a lungo divise e che, nonostante la fine della Guerra Fredda, non sono mai riuscite a creare una vera relazione diretta.<\/p>\n<p>Gian Mario Spacca ha spiegato che non si tratta, per la regione Marche, di accedere a maggiori finanziamenti europei, ma di lavorare sul progetto di costruzione dell&#8217;Ue anche con politiche regionali e locali. A questo proposito va ricordato che fin dal 1999 \u2013 ed \u00e8 nato proprio ad Ancona, nelle Marche \u2013 esiste il Forum delle Citt\u00e0 dell&#8217;Adriatico e dello Ionio, che mette insieme oltre trenta citt\u00e0 costiere di Italia, Albania, Bosnia Herzegovina, Croazia, Grecia e Slovenia, allo scopo di lavorare proprio sulla coesione e sull&#8217;integrazione.<\/p>\n","protected":false},"excerpt":{"rendered":"<p>Da anni ormai si parla della costituzione della macro-regione Adriatico-Ionica, una regione europea che dovrebbe mettere insieme gli otto Paesi che si affacciano sull&rsquo;Adriatico e sullo Ionio. Il Presidente della Regione Marche, Gian Mario Spacca, ha presentato il progetto definitivo a Bruxelles lo scorso<\/p>\n","protected":false},"author":7,"featured_media":0,"comment_status":"open","ping_status":"open","sticky":false,"template":"","format":"standard","meta":{"footnotes":""},"categories":[3],"tags":[32,5],"class_list":["post-2089","post","type-post","status-publish","format-standard","hentry","category-turismo","tag-marche","tag-notizie"],"aioseo_notices":[],"_links":{"self":[{"href":"https:\/\/www.minicity.it\/blog\/wp-json\/wp\/v2\/posts\/2089","targetHints":{"allow":["GET"]}}],"collection":[{"href":"https:\/\/www.minicity.it\/blog\/wp-json\/wp\/v2\/posts"}],"about":[{"href":"https:\/\/www.minicity.it\/blog\/wp-json\/wp\/v2\/types\/post"}],"author":[{"embeddable":true,"href":"https:\/\/www.minicity.it\/blog\/wp-json\/wp\/v2\/users\/7"}],"replies":[{"embeddable":true,"href":"https:\/\/www.minicity.it\/blog\/wp-json\/wp\/v2\/comments?post=2089"}],"version-history":[{"count":0,"href":"https:\/\/www.minicity.it\/blog\/wp-json\/wp\/v2\/posts\/2089\/revisions"}],"wp:attachment":[{"href":"https:\/\/www.minicity.it\/blog\/wp-json\/wp\/v2\/media?parent=2089"}],"wp:term":[{"taxonomy":"category","embeddable":true,"href":"https:\/\/www.minicity.it\/blog\/wp-json\/wp\/v2\/categories?post=2089"},{"taxonomy":"post_tag","embeddable":true,"href":"https:\/\/www.minicity.it\/blog\/wp-json\/wp\/v2\/tags?post=2089"}],"curies":[{"name":"wp","href":"https:\/\/api.w.org\/{rel}","templated":true}]}}