{"id":2101,"date":"2011-10-13T09:32:04","date_gmt":"2011-10-13T09:32:04","guid":{"rendered":"https:\/\/www.minicity.it\/blog\/?p=2101"},"modified":"2011-10-13T09:32:04","modified_gmt":"2011-10-13T09:32:04","slug":"ecomondo-a-rimini-fiera-green-power","status":"publish","type":"post","link":"https:\/\/www.minicity.it\/blog\/2011\/10\/ecomondo-a-rimini-fiera-green-power\/","title":{"rendered":"Ecomondo a Rimini: la fiera dell&#8217;ecologico apre le porte"},"content":{"rendered":"<p><strong><a href=\"https:\/\/www.minicity.it\/blog\/wp-content\/uploads\/2011\/10\/economondofierarimini.jpg\"><img loading=\"lazy\" decoding=\"async\" class=\"alignleft size-full wp-image-2103\" title=\"economondofierarimini\" src=\"https:\/\/www.minicity.it\/blog\/wp-content\/uploads\/2011\/10\/economondofierarimini.jpg\" alt=\"\" width=\"200\" height=\"186\" \/><\/a>Dal 9 al 12 novembre 2011<\/strong> a Rimini si terr\u00e0 <strong>&#8220;Ecomondo&#8221;<\/strong> una manifestazione dedicata all&#8217;ambiente e al modo di vivere ecologico, sostenibile e eco-compatibile. Si tratta di un punto di incontro per coloro che fanno s\u00ec business, ma un business eco-compatibile e verde, volto allo sviluppo sul lungo periodo. Si parler\u00e0 ovviamente di rifiuti e del modo migliore e<!--more--> pi\u00f9 verde di smaltirli, di efficienza energetica, di riuso delle risorse.<\/p>\n<p><strong>La green-economy<\/strong> oggi \u00e8 un settore in forte crescita del quale poco si parla: in Italia si stima che raggiunga un fatturato di 10 miliardi di euro, arrivando a impiegare fino a 380 mila persone. A &#8220;Ecomondo&#8221; questo settore verr\u00e0 messo in primo piano.<\/p>\n<p>Ci saranno, inoltre, diversi convegni, tutti centrati sui temi dell&#8217;ambiente e della sostenibilit\u00e0 tra cui: \u201cCome gestire il disagio olfattivo: tra le carenze normative e l&#8217;affidabilit\u00e0 dei controlli\u201d, il 9 novembre alle 9:00, oppure \u201cSoluzioni Comuni per un Futuro Sostenibile&#8221; . Cosa significa sostenibilit\u00e0 per le aziende, i comuni ed i cittadini?\u201d il 9 novembre alle 14:00.<\/p>\n<p>Per l&#8217;edizione del 2011 in programma anche la discussione sulla \u201ccitt\u00e0 sostenibile dove si discuteranno i progetti esistenti che vanno in questa direzione: da Vienna fino ad Amsterdam, passando per Torino, a \u201cEcomondo\u201d si cercher\u00e0 di capire come modificare le nostre citt\u00e0 per andare verso le Smart Cities.<\/p>\n<p>\u201cEcomondo\u201d aprir\u00e0 il 9 novembre alle 9:45 con una cerimonia inaugurale alla quale parteciper\u00e0 il Ministro dell&#8217;ambiente, Stefania Prestigiacomo.<\/p>\n<p>\u201cEcomondo\u201d si terr\u00e0 alla <strong>Fiera di Rimini.<\/strong> L&#8217;ingresso alla manifestazione costa 15 euro a biglietto intero, 25 euro se si va entrambi i giorni. Sono possibili riduzioni per studenti e categorie speciali da 5 e 2 euro. Per maggiori informazioni consultare il sito Internet dell&#8217;iniziativa: www.ecomondo.com.<\/p>\n","protected":false},"excerpt":{"rendered":"<p>Dal 9 al 12 novembre 2011 a Rimini si terr&agrave; &ldquo;Ecomondo&rdquo; una manifestazione dedicata all&rsquo;ambiente e al modo di vivere ecologico, sostenibile e eco-compatibile. Si tratta di un punto di incontro per coloro che fanno s&igrave; business, ma un business eco-compatibile e verde, volto allo sviluppo sul lungo periodo. Si parler&agrave; ovviamente di rifiuti e &#8230;<a class=\"post-readmore\" href=\"https:\/\/www.minicity.it\/blog\/2011\/10\/ecomondo-a-rimini-fiera-green-power\/\">read more<\/a><\/p>\n","protected":false},"author":1,"featured_media":0,"comment_status":"open","ping_status":"open","sticky":false,"template":"","format":"standard","meta":{"footnotes":""},"categories":[3],"tags":[33,46,57],"class_list":["post-2101","post","type-post","status-publish","format-standard","hentry","category-turismo","tag-eventi-riviera","tag-fiere-rimini","tag-turismo-ecologico"],"aioseo_notices":[],"_links":{"self":[{"href":"https:\/\/www.minicity.it\/blog\/wp-json\/wp\/v2\/posts\/2101","targetHints":{"allow":["GET"]}}],"collection":[{"href":"https:\/\/www.minicity.it\/blog\/wp-json\/wp\/v2\/posts"}],"about":[{"href":"https:\/\/www.minicity.it\/blog\/wp-json\/wp\/v2\/types\/post"}],"author":[{"embeddable":true,"href":"https:\/\/www.minicity.it\/blog\/wp-json\/wp\/v2\/users\/1"}],"replies":[{"embeddable":true,"href":"https:\/\/www.minicity.it\/blog\/wp-json\/wp\/v2\/comments?post=2101"}],"version-history":[{"count":0,"href":"https:\/\/www.minicity.it\/blog\/wp-json\/wp\/v2\/posts\/2101\/revisions"}],"wp:attachment":[{"href":"https:\/\/www.minicity.it\/blog\/wp-json\/wp\/v2\/media?parent=2101"}],"wp:term":[{"taxonomy":"category","embeddable":true,"href":"https:\/\/www.minicity.it\/blog\/wp-json\/wp\/v2\/categories?post=2101"},{"taxonomy":"post_tag","embeddable":true,"href":"https:\/\/www.minicity.it\/blog\/wp-json\/wp\/v2\/tags?post=2101"}],"curies":[{"name":"wp","href":"https:\/\/api.w.org\/{rel}","templated":true}]}}