{"id":2132,"date":"2011-10-17T09:50:28","date_gmt":"2011-10-17T09:50:28","guid":{"rendered":"https:\/\/www.minicity.it\/blog\/?p=2132"},"modified":"2011-10-17T09:50:28","modified_gmt":"2011-10-17T09:50:28","slug":"cesena-presentazione-del-libro-partigiani-popolazione-e-guerra-sullappennino","status":"publish","type":"post","link":"https:\/\/www.minicity.it\/blog\/2011\/10\/cesena-presentazione-del-libro-partigiani-popolazione-e-guerra-sullappennino\/","title":{"rendered":"Cesena: presentazione del libro \u201cPartigiani, popolazione e guerra sull&#8217;Appennino\u201d"},"content":{"rendered":"<p><strong><a href=\"https:\/\/www.minicity.it\/blog\/wp-content\/uploads\/2011\/10\/libripresentazionecesena.jpg\"><img loading=\"lazy\" decoding=\"async\" class=\"alignleft size-full wp-image-2134\" title=\"libripresentazionecesena\" src=\"https:\/\/www.minicity.it\/blog\/wp-content\/uploads\/2011\/10\/libripresentazionecesena.jpg\" alt=\"\" width=\"200\" height=\"173\" \/><\/a>Gioved\u00ec 20 ottobre<\/strong> a Cesena verr\u00e0 presentato un volume che tratta della Resistenza in Romagna: <strong>\u201cPartigiani, popolazione e guerra sull&#8217;Appennino. L&#8217;8\u00aa brigata Garibaldi Romagna\u201d<\/strong>. Il libro \u00e8 edito dalla Societ\u00e0 Il Ponte Vecchio ed \u00e8 curato da Roberta Mira e Simona Salustri.<!--more--><\/p>\n<p>L\u20198\u00aa brigata \u201cGaribaldi Romagna\u201d fu una delle formazioni partigiane pi\u00f9 grosse dell&#8217;Emilia-Romagna: nata all&#8217;inizio del 1944 sull&#8217;Appennino romagnolo, ai confini tra Toscana e le Marche si sciolse nel novembre dello stesso anno, dopo la liberazione di Forl\u00ec.<\/p>\n<p>&#8220;Partigiani, popolazione e guerra sull&#8217;Appennino. L&#8217;8\u00aa brigata Garibaldi Romagna\u201d ricostruisce la storia di questa formazione e il suo rapporto con il territorio e la popolazione romagnola durante i difficili anni dell&#8217;occupazione nazi-fascista.<\/p>\n<p>Alla presentazione saranno presenti le due autrici, l&#8217;Assessore alla Cultura del Comune di Cesena, Elena Baredi, e il suo omologo alla Provincia Iglis Bellavista. Parteciper\u00e0 anche Massimo Storchi dell&#8217;Istituto Storico della Resistenza di Reggio Emilia.<\/p>\n","protected":false},"excerpt":{"rendered":"<p>Gioved&igrave; 20 ottobre a Cesena verr&agrave; presentato un volume che tratta della Resistenza in Romagna: &ldquo;Partigiani, popolazione e guerra sull&rsquo;Appennino. L&rsquo;8&ordf; brigata Garibaldi Romagna&rdquo;. Il libro &egrave; edito dalla Societ&agrave; Il Ponte Vecchio ed &egrave; curato da Roberta Mira e Simona Salustri.<\/p>\n","protected":false},"author":7,"featured_media":0,"comment_status":"open","ping_status":"open","sticky":false,"template":"","format":"standard","meta":{"footnotes":""},"categories":[3],"tags":[24,55],"class_list":["post-2132","post","type-post","status-publish","format-standard","hentry","category-turismo","tag-forli-cesena","tag-notizie-cultura"],"aioseo_notices":[],"_links":{"self":[{"href":"https:\/\/www.minicity.it\/blog\/wp-json\/wp\/v2\/posts\/2132","targetHints":{"allow":["GET"]}}],"collection":[{"href":"https:\/\/www.minicity.it\/blog\/wp-json\/wp\/v2\/posts"}],"about":[{"href":"https:\/\/www.minicity.it\/blog\/wp-json\/wp\/v2\/types\/post"}],"author":[{"embeddable":true,"href":"https:\/\/www.minicity.it\/blog\/wp-json\/wp\/v2\/users\/7"}],"replies":[{"embeddable":true,"href":"https:\/\/www.minicity.it\/blog\/wp-json\/wp\/v2\/comments?post=2132"}],"version-history":[{"count":0,"href":"https:\/\/www.minicity.it\/blog\/wp-json\/wp\/v2\/posts\/2132\/revisions"}],"wp:attachment":[{"href":"https:\/\/www.minicity.it\/blog\/wp-json\/wp\/v2\/media?parent=2132"}],"wp:term":[{"taxonomy":"category","embeddable":true,"href":"https:\/\/www.minicity.it\/blog\/wp-json\/wp\/v2\/categories?post=2132"},{"taxonomy":"post_tag","embeddable":true,"href":"https:\/\/www.minicity.it\/blog\/wp-json\/wp\/v2\/tags?post=2132"}],"curies":[{"name":"wp","href":"https:\/\/api.w.org\/{rel}","templated":true}]}}