{"id":2158,"date":"2011-10-18T12:13:42","date_gmt":"2011-10-18T12:13:42","guid":{"rendered":"https:\/\/www.minicity.it\/blog\/?p=2158"},"modified":"2011-10-18T12:13:42","modified_gmt":"2011-10-18T12:13:42","slug":"%e2%80%9ci-due-lati-del-colore%e2%80%9d-al-musas-di-santarcangelo","status":"publish","type":"post","link":"https:\/\/www.minicity.it\/blog\/2011\/10\/%e2%80%9ci-due-lati-del-colore%e2%80%9d-al-musas-di-santarcangelo\/","title":{"rendered":"\u201cI due lati del colore\u201d al Musas di Santarcangelo"},"content":{"rendered":"<p><strong><a href=\"https:\/\/www.minicity.it\/blog\/wp-content\/uploads\/2011\/10\/eventisantarcangelo.jpg\"><img loading=\"lazy\" decoding=\"async\" class=\"alignleft size-full wp-image-2160\" title=\"eventisantarcangelo\" src=\"https:\/\/www.minicity.it\/blog\/wp-content\/uploads\/2011\/10\/eventisantarcangelo.jpg\" alt=\"\" width=\"200\" height=\"150\" \/><\/a>Domenica 23 ottobre<\/strong> al Musas di Santarcangelo di Romagna il professor Roberto Cresti presenta l\u2019opera Marc Rothko in una conferenza intitolata <strong>\u201cI due lati del colore\u201d<\/strong>.<\/p>\n<p>Roberto Cresti \u00e8 docente di estetica e filosofia dell&#8217;immagine all\u2019<strong>Universit\u00e0 degli studi di Macerata<\/strong>: durante<!--more--> la conferenza si concentrer\u00e0 sul valore del coloro nella pittura del Novecento e, in maniera particolare domenica, sul rosso di Marc Rothko con un saggio dal titolo \u201cMarc Rothko: il velo dell&#8217;opera al Rosso\u201d.<\/p>\n<p>La conferenza su Rothko segue quella di domenica 16 ottobre dedicata a \u201cYves Klein: le tracce dell&#8217;Azzurra Sophia\u201d<\/p>\n<p>L&#8217;incontro si terr\u00e0 nella Sala conferenze del Museo storico archeologico di Santarcangelo alle ore 17:00. L&#8217;ingresso \u00e8 libero secondo i posti disponibili. Le conferenze sono promosse dalla societ\u00e0 cooperativa \u201cTre Civette\u201d di Forl\u00ec, con il patrocinio dell&#8217;Istituto dei musei comunali.<\/p>\n<p><strong>Dove:<\/strong> Musas, via della Costa, 26, Santarcangelo di Romagna<\/p>\n<p><strong>Quando:<\/strong> domenica 23 ottobre, ore 17:00<\/p>\n<p><strong>Costo:<\/strong> ingresso gratuito fino a esaurimento posti<\/p>\n","protected":false},"excerpt":{"rendered":"<p>Domenica 23 ottobre al Musas di Santarcangelo di Romagna il professor Roberto Cresti presenta l&rsquo;opera Marc Rothko in una conferenza intitolata &ldquo;I due lati del colore&rdquo;. Roberto Cresti &egrave; docente di estetica e filosofia dell&rsquo;immagine all&rsquo;Universit&agrave; degli studi di Macerata: durante<\/p>\n","protected":false},"author":1,"featured_media":0,"comment_status":"open","ping_status":"open","sticky":false,"template":"","format":"standard","meta":{"footnotes":""},"categories":[3],"tags":[33,10],"class_list":["post-2158","post","type-post","status-publish","format-standard","hentry","category-turismo","tag-eventi-riviera","tag-rimini"],"aioseo_notices":[],"_links":{"self":[{"href":"https:\/\/www.minicity.it\/blog\/wp-json\/wp\/v2\/posts\/2158","targetHints":{"allow":["GET"]}}],"collection":[{"href":"https:\/\/www.minicity.it\/blog\/wp-json\/wp\/v2\/posts"}],"about":[{"href":"https:\/\/www.minicity.it\/blog\/wp-json\/wp\/v2\/types\/post"}],"author":[{"embeddable":true,"href":"https:\/\/www.minicity.it\/blog\/wp-json\/wp\/v2\/users\/1"}],"replies":[{"embeddable":true,"href":"https:\/\/www.minicity.it\/blog\/wp-json\/wp\/v2\/comments?post=2158"}],"version-history":[{"count":0,"href":"https:\/\/www.minicity.it\/blog\/wp-json\/wp\/v2\/posts\/2158\/revisions"}],"wp:attachment":[{"href":"https:\/\/www.minicity.it\/blog\/wp-json\/wp\/v2\/media?parent=2158"}],"wp:term":[{"taxonomy":"category","embeddable":true,"href":"https:\/\/www.minicity.it\/blog\/wp-json\/wp\/v2\/categories?post=2158"},{"taxonomy":"post_tag","embeddable":true,"href":"https:\/\/www.minicity.it\/blog\/wp-json\/wp\/v2\/tags?post=2158"}],"curies":[{"name":"wp","href":"https:\/\/api.w.org\/{rel}","templated":true}]}}