{"id":2164,"date":"2011-10-18T12:54:59","date_gmt":"2011-10-18T12:54:59","guid":{"rendered":"https:\/\/www.minicity.it\/blog\/?p=2164"},"modified":"2011-10-18T12:54:59","modified_gmt":"2011-10-18T12:54:59","slug":"turismo-in-brasile-italia-comes-to-you","status":"publish","type":"post","link":"https:\/\/www.minicity.it\/blog\/2011\/10\/turismo-in-brasile-italia-comes-to-you\/","title":{"rendered":"Turismo in Brasile:\u201cItalia comes to you\u201d"},"content":{"rendered":"<p><strong><a href=\"https:\/\/www.minicity.it\/blog\/wp-content\/uploads\/2011\/10\/turismobrasileitalia.jpg\"><img loading=\"lazy\" decoding=\"async\" class=\"alignleft size-full wp-image-2165\" title=\"turismobrasileitalia\" src=\"https:\/\/www.minicity.it\/blog\/wp-content\/uploads\/2011\/10\/turismobrasileitalia.jpg\" alt=\"\" width=\"200\" height=\"115\" \/><\/a>Fino al mese di aprile del 2012<\/strong> in Brasile si festeggia &#8220;<strong>Mom\u00e9nto It\u00e1lia-Brasil&#8221;<\/strong>, cio\u00e8 l&#8217;Anno del Brasile in Italia. Questa iniziativa fa parte di un&#8217;azione che \u00e8 partita ad agosto di quest&#8217;anno che punta a rafforzare i legami turistici tra Italia e Brasile in una strategia complessiva<!--more--> di Enit-Agenzia. Il progetto si chiama \u201cItalia comes to you\u201d e coinvolge, oltre il Brasile, gli altri paesi del Bric (Russia, India e Cina).<\/p>\n<p>Tra le manifestazioni in programma c&#8217;\u00e8 una sorta di <strong>\u201cfiera\u201d per le regioni italiane: si chiama &#8220;Air Dome&#8221;<\/strong> ed \u00e8 una struttura gonfiabile che sar\u00e0 a S\u00e3o Paulo dal 15 al 23 ottobre, a Porto Alegre dal 29 ottobre al 6 novembre e, infine, a Rio de Janeiro dal 12 al 20 novembre. Qui i vari comitati di regione potranno far conoscere le loro bellezze, organizzare mostre e conoscere gli operatori locali del turismo per stipulare accordi commerciali.<\/p>\n<p>Matteo Marzotto, presidente di Enit, sostiene che l&#8217;operazione sar\u00e0 altamente redditizia perch\u00e9 si tratta di lanciare il \u201cprodotto Italia\u201d per un pubblico di fascia medio-alta che quindi ha una forte capacit\u00e0 di spesa: la stessa categoria sociale italiana, riportata in Brasile, ha uno status economico pi\u00f9 alto e quindi pu\u00f2 permettersi spese maggiori.<\/p>\n<p>Nell&#8217;Air Drome verranno anche organizzate mostre d&#8217;arte che coinvolgono artisti dei paesi del Bric insieme a opere italiane di grande prestigio come &#8220;I commentatori di Cicerone&#8221;di Giovanni Domenico Ferretti e la statua in bronzo &#8220;Camillus&#8221; di Guglielmo della Porta. Queste manifestazioni seguono l&#8217;apertura di un ufficio di Enit in Brasile e pubblicit\u00e0 sull&#8217;Italia lanciate in tutte le sale cinematografiche del paese. Insomma, un&#8217;operazione in grande stile per coinvolgere il pubblico brasiliano.<\/p>\n","protected":false},"excerpt":{"rendered":"<p>Fino al mese di aprile del 2012 in Brasile si festeggia &ldquo;Mom&eacute;nto It&aacute;lia-Brasil&rdquo;, cio&egrave; l&rsquo;Anno del Brasile in Italia. Questa iniziativa fa parte di un&rsquo;azione che &egrave; partita ad agosto di quest&rsquo;anno che punta a rafforzare i legami turistici tra Italia e Brasile in una strategia complessiva<\/p>\n","protected":false},"author":1,"featured_media":0,"comment_status":"open","ping_status":"open","sticky":false,"template":"","format":"standard","meta":{"footnotes":""},"categories":[3],"tags":[52,5],"class_list":["post-2164","post","type-post","status-publish","format-standard","hentry","category-turismo","tag-fiere-turismo","tag-notizie"],"aioseo_notices":[],"_links":{"self":[{"href":"https:\/\/www.minicity.it\/blog\/wp-json\/wp\/v2\/posts\/2164","targetHints":{"allow":["GET"]}}],"collection":[{"href":"https:\/\/www.minicity.it\/blog\/wp-json\/wp\/v2\/posts"}],"about":[{"href":"https:\/\/www.minicity.it\/blog\/wp-json\/wp\/v2\/types\/post"}],"author":[{"embeddable":true,"href":"https:\/\/www.minicity.it\/blog\/wp-json\/wp\/v2\/users\/1"}],"replies":[{"embeddable":true,"href":"https:\/\/www.minicity.it\/blog\/wp-json\/wp\/v2\/comments?post=2164"}],"version-history":[{"count":0,"href":"https:\/\/www.minicity.it\/blog\/wp-json\/wp\/v2\/posts\/2164\/revisions"}],"wp:attachment":[{"href":"https:\/\/www.minicity.it\/blog\/wp-json\/wp\/v2\/media?parent=2164"}],"wp:term":[{"taxonomy":"category","embeddable":true,"href":"https:\/\/www.minicity.it\/blog\/wp-json\/wp\/v2\/categories?post=2164"},{"taxonomy":"post_tag","embeddable":true,"href":"https:\/\/www.minicity.it\/blog\/wp-json\/wp\/v2\/tags?post=2164"}],"curies":[{"name":"wp","href":"https:\/\/api.w.org\/{rel}","templated":true}]}}