{"id":2195,"date":"2011-10-19T14:31:48","date_gmt":"2011-10-19T14:31:48","guid":{"rendered":"https:\/\/www.minicity.it\/blog\/?p=2195"},"modified":"2011-10-19T14:31:48","modified_gmt":"2011-10-19T14:31:48","slug":"cattolica-chiesa-santapollinare","status":"publish","type":"post","link":"https:\/\/www.minicity.it\/blog\/2011\/10\/cattolica-chiesa-santapollinare\/","title":{"rendered":"Cattolica: Riapre Sant&#8217;Apollinare"},"content":{"rendered":"<p><a href=\"https:\/\/www.minicity.it\/blog\/wp-content\/uploads\/2011\/10\/chiesasantapollinare.jpg\"><img loading=\"lazy\" decoding=\"async\" class=\"alignleft size-full wp-image-2197\" title=\"chiesasantapollinare\" src=\"https:\/\/www.minicity.it\/blog\/wp-content\/uploads\/2011\/10\/chiesasantapollinare.jpg\" alt=\"\" width=\"200\" height=\"137\" \/><\/a>Riapre dopo 2 anni di lavoro la <strong>Chiesa di Sant&#8217;Apollinare<\/strong> a tutti i fedeli&#8230;<\/p>\n<p><strong>CATTOLICA.<\/strong> Dopo due anni di lavoro torna a splendere la Chiesa di Sant&#8217;Apollinare dove nella giornata di domani sar\u00e0 inaugurata la riapertura a tutta la comunit\u00e0 cristiana. La Chiesa di Sant&#8217;Apollinare rappresenta<!--more--> il monumento storico pi\u00f9 importante di Cattolica e dopo due anni di restauro finalmente sar\u00e0 accessibile a tutti i fedeli; restauro che deve un ringraziamento anche alla Cassa di Risparmio di Rimini che aveva finanziato 240.000 euro&#8230;<\/p>\n<p>L&#8217;accesso ai fedeli sar\u00e0 possibile gi\u00e0 da domani alle ore 21:00 con la presenza del sindaco di Cattolica (Piero Cecchini), il presidente della Cassa di Risparmio di Rimini (Massimo Pasquinelli) e l&#8217;architetto (Francesca Franchini) che ha realizzato il restauro. A testimoniare il lavoro di restauro sar\u00e0 l&#8217;esposizione di una galleria fotografica che conterr\u00e0 le varie fasi della restaurazione. Ovviamente ad accogliere i fedeli ci sar\u00e0 il parroco della Chiesa, Don Biagio della Pasqua.<\/p>\n","protected":false},"excerpt":{"rendered":"<p>Riapre dopo 2 anni di lavoro la Chiesa di Sant&rsquo;Apollinare a tutti i fedeli&hellip; CATTOLICA. Dopo due anni di lavoro torna a splendere la Chiesa di Sant&rsquo;Apollinare dove nella giornata di domani sar&agrave; inaugurata la riapertura a tutta la comunit&agrave; cristiana. La Chiesa di Sant&rsquo;Apollinare rappresenta<\/p>\n","protected":false},"author":1,"featured_media":0,"comment_status":"open","ping_status":"open","sticky":false,"template":"","format":"standard","meta":{"footnotes":""},"categories":[3],"tags":[37,55],"class_list":["post-2195","post","type-post","status-publish","format-standard","hentry","category-turismo","tag-cattolica","tag-notizie-cultura"],"aioseo_notices":[],"_links":{"self":[{"href":"https:\/\/www.minicity.it\/blog\/wp-json\/wp\/v2\/posts\/2195","targetHints":{"allow":["GET"]}}],"collection":[{"href":"https:\/\/www.minicity.it\/blog\/wp-json\/wp\/v2\/posts"}],"about":[{"href":"https:\/\/www.minicity.it\/blog\/wp-json\/wp\/v2\/types\/post"}],"author":[{"embeddable":true,"href":"https:\/\/www.minicity.it\/blog\/wp-json\/wp\/v2\/users\/1"}],"replies":[{"embeddable":true,"href":"https:\/\/www.minicity.it\/blog\/wp-json\/wp\/v2\/comments?post=2195"}],"version-history":[{"count":0,"href":"https:\/\/www.minicity.it\/blog\/wp-json\/wp\/v2\/posts\/2195\/revisions"}],"wp:attachment":[{"href":"https:\/\/www.minicity.it\/blog\/wp-json\/wp\/v2\/media?parent=2195"}],"wp:term":[{"taxonomy":"category","embeddable":true,"href":"https:\/\/www.minicity.it\/blog\/wp-json\/wp\/v2\/categories?post=2195"},{"taxonomy":"post_tag","embeddable":true,"href":"https:\/\/www.minicity.it\/blog\/wp-json\/wp\/v2\/tags?post=2195"}],"curies":[{"name":"wp","href":"https:\/\/api.w.org\/{rel}","templated":true}]}}