{"id":2229,"date":"2011-10-21T10:30:14","date_gmt":"2011-10-21T10:30:14","guid":{"rendered":"https:\/\/www.minicity.it\/blog\/?p=2229"},"modified":"2011-10-21T10:30:14","modified_gmt":"2011-10-21T10:30:14","slug":"faenza-il-teatro-due-mondi-progetto-rifugiati","status":"publish","type":"post","link":"https:\/\/www.minicity.it\/blog\/2011\/10\/faenza-il-teatro-due-mondi-progetto-rifugiati\/","title":{"rendered":"A Faenza il teatro incontra i rifugiati"},"content":{"rendered":"<p><a href=\"https:\/\/www.minicity.it\/blog\/wp-content\/uploads\/2011\/10\/teatrofaenzaprofettorifugiati.jpg\"><img loading=\"lazy\" decoding=\"async\" class=\"alignleft size-full wp-image-2231\" title=\"teatrofaenzaprofettorifugiati\" src=\"https:\/\/www.minicity.it\/blog\/wp-content\/uploads\/2011\/10\/teatrofaenzaprofettorifugiati.jpg\" alt=\"\" width=\"200\" height=\"156\" \/><\/a>A partire da <strong>marted\u00ec 25 ottobre<\/strong> (e fino a maggio prossimo) il <strong>Teatro due Mondi di Faenza<\/strong> e la Casa del Teatro organizzano delle serate di incontro\/discussione tra la citt\u00e0 e i <strong>rifugiati libici<\/strong> che sono arrivati a Faenza e Ravenna in attesa della risposta alla richiesta di asilo politico.<!--more--><\/p>\n<p>Il <strong>\u201cprogetto rifugiati\u201d<\/strong> \u00e8 un laboratorio interculturale per la costruzione di azioni di strada che \u00e8 realizzato dal Teatro due Mondi con la collaborazione del Comune di Faenza, Provincia di Ravenna e della Regione Emilia Romagna e ha lo scopo di creare occasioni di incontro con persone che vivono nella citt\u00e0 ma che non ne sono parte perch\u00e9 nell&#8217;ombra o sconosciute.<\/p>\n<p>Il primo incontro si terr\u00e0 marted\u00ec 25 ottobre dalle ore 20:00 alle ore 22:00 alla Casa del Teatro di Faenza. Gli incontri saranno gestiti da Alberto Grilli, regista del Teatro due Mondi. La partecipazione \u00e8 gratuita. Il progetto proseguir\u00e0 ogni marted\u00ec sera fino a maggio prossimo.<\/p>\n<p><strong>Per maggiori informazioni<\/strong> contattare la Casa del Teatro in via Oberdan 9\/a a Faenza, oppure telefonare allo 0546 622999 o scrivere a casadelteatro@teatroduemondi.it. Il sito internet di riferimento \u00e8 www.teatroduemondi.it.<\/p>\n","protected":false},"excerpt":{"rendered":"<p>A partire da marted&igrave; 25 ottobre (e fino a maggio prossimo) il Teatro due Mondi di Faenza e la Casa del Teatro organizzano delle serate di incontro\/discussione tra la citt&agrave; e i rifugiati libici che sono arrivati a Faenza e Ravenna in attesa della risposta alla richiesta di asilo politico.<\/p>\n","protected":false},"author":7,"featured_media":0,"comment_status":"open","ping_status":"open","sticky":false,"template":"","format":"standard","meta":{"footnotes":""},"categories":[3],"tags":[33,55],"class_list":["post-2229","post","type-post","status-publish","format-standard","hentry","category-turismo","tag-eventi-riviera","tag-notizie-cultura"],"aioseo_notices":[],"_links":{"self":[{"href":"https:\/\/www.minicity.it\/blog\/wp-json\/wp\/v2\/posts\/2229","targetHints":{"allow":["GET"]}}],"collection":[{"href":"https:\/\/www.minicity.it\/blog\/wp-json\/wp\/v2\/posts"}],"about":[{"href":"https:\/\/www.minicity.it\/blog\/wp-json\/wp\/v2\/types\/post"}],"author":[{"embeddable":true,"href":"https:\/\/www.minicity.it\/blog\/wp-json\/wp\/v2\/users\/7"}],"replies":[{"embeddable":true,"href":"https:\/\/www.minicity.it\/blog\/wp-json\/wp\/v2\/comments?post=2229"}],"version-history":[{"count":0,"href":"https:\/\/www.minicity.it\/blog\/wp-json\/wp\/v2\/posts\/2229\/revisions"}],"wp:attachment":[{"href":"https:\/\/www.minicity.it\/blog\/wp-json\/wp\/v2\/media?parent=2229"}],"wp:term":[{"taxonomy":"category","embeddable":true,"href":"https:\/\/www.minicity.it\/blog\/wp-json\/wp\/v2\/categories?post=2229"},{"taxonomy":"post_tag","embeddable":true,"href":"https:\/\/www.minicity.it\/blog\/wp-json\/wp\/v2\/tags?post=2229"}],"curies":[{"name":"wp","href":"https:\/\/api.w.org\/{rel}","templated":true}]}}