{"id":2247,"date":"2011-10-25T09:27:31","date_gmt":"2011-10-25T09:27:31","guid":{"rendered":"https:\/\/www.minicity.it\/blog\/?p=2247"},"modified":"2011-10-25T09:27:31","modified_gmt":"2011-10-25T09:27:31","slug":"riccione-turismo-sostenibile","status":"publish","type":"post","link":"https:\/\/www.minicity.it\/blog\/2011\/10\/riccione-turismo-sostenibile\/","title":{"rendered":"Riccione pensa sostenibile"},"content":{"rendered":"<p><a href=\"https:\/\/www.minicity.it\/blog\/wp-content\/uploads\/2011\/09\/pulireambientericcione.jpg\"><img loading=\"lazy\" decoding=\"async\" class=\"alignleft size-full wp-image-1583\" title=\"pulireambientericcione\" src=\"https:\/\/www.minicity.it\/blog\/wp-content\/uploads\/2011\/09\/pulireambientericcione.jpg\" alt=\"\" width=\"200\" height=\"150\" \/><\/a>La settimana scorsa a Riccione si \u00e8 tenuto il primo incontro del <strong>\u201cGruppo Mobilit\u00e0 Attiva\u201d<\/strong>: si tratta di un gruppo di persone che ha a cuore lo sviluppo sostenibile, l&#8217;ecologia e la saluta della Perla Verde e che vuole creare le condizioni strutturali per far s\u00ec che il traffico su due ruote si sviluppi sempre di pi\u00f9 in citt\u00e0.<!--more--><\/p>\n<p>Il \u201cGruppo Mobilit\u00e0 Attiva\u201d \u00e8 coordinato dal vicesindaco di Riccione, Lanfranco Francolini, che ha spiegato che la bicicletta, oltre ad essere meno inquinante da tutti i punti di vista (sia meno emissioni, che meno inquinamento acustico) ha molti vantaggi, tra i quali la diminuzione degli incidenti stradali. Inoltre migliora la salute grazie al fatto che si pratica quotidianamente uno sport.<\/p>\n<p>Per Francolini il compito dell&#8217;amministrazione pubblica \u00e8 proprio quello di fare in modo che questa pratica si diffonda il pi\u00f9 possibile in citt\u00e0. L&#8217;obiettivo del \u201cGruppo Mobilit\u00e0 Attiva\u201d \u00e8 quello di portare il traffico su bici dall&#8217;attuale 8% fino al 20% entro l&#8217;anno 2020.<\/p>\n<p>Il gruppo \u00e8 composto da persone con varie competenze e esperienze: infrastrutturale, paesaggistico, educativo, comunicativo, culturale e sportivo che metteranno insieme i loro lavoro e le loro conoscenze per sostenere e rendere possibile questo progetto.<\/p>\n<p><strong>Come?<\/strong> Per prima cosa verr\u00e0 chiesto alla Giunta di approvare, nel piano del traffico cittadino, il \u201cPiano per la Mobilit\u00e0 Attiva a Riccione\u201d che comprenda lavori che tengano presente le esigenze dei ciclisti come piste ciclabili, attraversamenti sicuri, segnaletica efficace, realizzazione di materiali di comunicazione che arrivino a tutti i cittadini e percorsi turistici pensati per coloro che amano la bicicletta.<\/p>\n","protected":false},"excerpt":{"rendered":"<p>La settimana scorsa a Riccione si &egrave; tenuto il primo incontro del &ldquo;Gruppo Mobilit&agrave; Attiva&rdquo;: si tratta di un gruppo di persone che ha a cuore lo sviluppo sostenibile, l&rsquo;ecologia e la saluta della Perla Verde e che vuole creare le condizioni strutturali per far s&igrave; che il traffico su due ruote si sviluppi sempre &#8230;<a class=\"post-readmore\" href=\"https:\/\/www.minicity.it\/blog\/2011\/10\/riccione-turismo-sostenibile\/\">read more<\/a><\/p>\n","protected":false},"author":1,"featured_media":0,"comment_status":"open","ping_status":"open","sticky":false,"template":"","format":"standard","meta":{"footnotes":""},"categories":[3],"tags":[34,57],"class_list":["post-2247","post","type-post","status-publish","format-standard","hentry","category-turismo","tag-riccione","tag-turismo-ecologico"],"aioseo_notices":[],"_links":{"self":[{"href":"https:\/\/www.minicity.it\/blog\/wp-json\/wp\/v2\/posts\/2247","targetHints":{"allow":["GET"]}}],"collection":[{"href":"https:\/\/www.minicity.it\/blog\/wp-json\/wp\/v2\/posts"}],"about":[{"href":"https:\/\/www.minicity.it\/blog\/wp-json\/wp\/v2\/types\/post"}],"author":[{"embeddable":true,"href":"https:\/\/www.minicity.it\/blog\/wp-json\/wp\/v2\/users\/1"}],"replies":[{"embeddable":true,"href":"https:\/\/www.minicity.it\/blog\/wp-json\/wp\/v2\/comments?post=2247"}],"version-history":[{"count":0,"href":"https:\/\/www.minicity.it\/blog\/wp-json\/wp\/v2\/posts\/2247\/revisions"}],"wp:attachment":[{"href":"https:\/\/www.minicity.it\/blog\/wp-json\/wp\/v2\/media?parent=2247"}],"wp:term":[{"taxonomy":"category","embeddable":true,"href":"https:\/\/www.minicity.it\/blog\/wp-json\/wp\/v2\/categories?post=2247"},{"taxonomy":"post_tag","embeddable":true,"href":"https:\/\/www.minicity.it\/blog\/wp-json\/wp\/v2\/tags?post=2247"}],"curies":[{"name":"wp","href":"https:\/\/api.w.org\/{rel}","templated":true}]}}