{"id":228,"date":"2011-02-04T09:42:11","date_gmt":"2011-02-04T09:42:11","guid":{"rendered":"https:\/\/www.minicity.it\/blog\/?p=228"},"modified":"2011-02-04T09:55:31","modified_gmt":"2011-02-04T09:55:31","slug":"valentino-rossi-testimonial-brand-marche-polemica","status":"publish","type":"post","link":"https:\/\/www.minicity.it\/blog\/2011\/02\/valentino-rossi-testimonial-brand-marche-polemica\/","title":{"rendered":"Valentino Rossi testimonial del Brand Marche? \u00c8 polemica"},"content":{"rendered":"<p><a href=\"https:\/\/www.minicity.it\/blog\/wp-content\/uploads\/2011\/02\/valentino-rossi.jpg\" target=\"_blank\"><img loading=\"lazy\" decoding=\"async\" class=\"alignleft size-full wp-image-229\" style=\"margin: 5px 8px;\" title=\"valentino-rossi\" src=\"https:\/\/www.minicity.it\/blog\/wp-content\/uploads\/2011\/02\/valentino-rossi.jpg\" alt=\"\" width=\"200\" height=\"264\" \/><\/a>Si vocifera da settimana che dopo l&#8217;attore americano Dustin Hoffman, che nella campagna dell&#8217;anno passato si misurava con l&#8217;Infinito di Giacomo Leopardi in \u201cMarche, le scoprirai all&#8217;Infinito\u201d, per il 2012 si stia pensando di arruolare il campione di moto mondiale marchigiano Valentino Rossi. Se tutto \u00e8 ancora in forse la notizia ha per\u00f2 gi\u00e0 fatto il giro dell&#8217;Italia e della Regione e non mancano le polemiche.<\/p>\n<p>Si parte da Fermo, dove il sindaco \u00e8 in polemica con il Presidente della Provincia a causa del \u00abno\u00bb di quest&#8217;ultimo per quanto riguarda la costruzione di un motodromo a San Marco alle Paludi di Fermo. Appena giunta la notizia di un possibile coinvolgimento di Valentino Rossi il primo cittadino di Fermo ha preso la palla al balzo, sicuramente forzando un po&#8217; il ragionamento: \u00abSe una figura come Valentino Rossi, motociclista apprezzato in tutto il mondo, viene proposta da una provincia di centro sinistra a rappresentare una Regione (anch\u2019essa di centro sinistra) significa che si riconosce la grande rilevanza a livello mediatico e comunicativo di uno sport come il motociclismo\u00bb.<\/p>\n<p>Un po&#8217; pi\u00f9 regionale \u00e8 invece la polemica di Roberto Zaffini, consigliere regionale della Lega Nord nelle Marche, che sostiene che nonostante l&#8217;indubbia \u00abfama planetaria e simpatia di Valentino Rossi\u00bb, gli sembra difficile che il campione possa essere un degno simbolo della regione Marche. Perch\u00e9? A causa del suo accento. \u00abNon a caso nello spot che attualmente va in onda nelle reti televisive lo vediamo esilerante protagonista, insieme al romagnolo Paolo Cevoli, a cui lo accomuna oltre che la simpatia anche un accento che di marchigiano ha veramente poco. Valentino Rossi potrebbe essere il testimonial della futura regione Romagna pi\u00f9 che delle Marche\u00bb. Secondo Zaffini la passione per i motori \u00e8 un elemento delle terre romagnole \u2013 a carattere pi\u00f9 estroverso ed esuberante \u2013 mentre i marchigiani sono di \u00abindole pi\u00f9 riservata\u00bb.<\/p>\n","protected":false},"excerpt":{"rendered":"<p>Si vocifera da settimana che dopo l&rsquo;attore americano Dustin Hoffman, che nella campagna dell&rsquo;anno passato si misurava con l&rsquo;Infinito di Giacomo Leopardi in &ldquo;Marche, le scoprirai all&rsquo;Infinito&rdquo;, per il 2012 si stia pensando di arruolare il campione di moto mondiale marchigiano Valentino Rossi. Se tutto &egrave; ancora in forse la notizia ha per&ograve; gi&agrave; fatto &#8230;<a class=\"post-readmore\" href=\"https:\/\/www.minicity.it\/blog\/2011\/02\/valentino-rossi-testimonial-brand-marche-polemica\/\">read more<\/a><\/p>\n","protected":false},"author":1,"featured_media":0,"comment_status":"open","ping_status":"open","sticky":false,"template":"","format":"standard","meta":{"footnotes":""},"categories":[3],"tags":[32,5],"class_list":["post-228","post","type-post","status-publish","format-standard","hentry","category-turismo","tag-marche","tag-notizie"],"aioseo_notices":[],"_links":{"self":[{"href":"https:\/\/www.minicity.it\/blog\/wp-json\/wp\/v2\/posts\/228","targetHints":{"allow":["GET"]}}],"collection":[{"href":"https:\/\/www.minicity.it\/blog\/wp-json\/wp\/v2\/posts"}],"about":[{"href":"https:\/\/www.minicity.it\/blog\/wp-json\/wp\/v2\/types\/post"}],"author":[{"embeddable":true,"href":"https:\/\/www.minicity.it\/blog\/wp-json\/wp\/v2\/users\/1"}],"replies":[{"embeddable":true,"href":"https:\/\/www.minicity.it\/blog\/wp-json\/wp\/v2\/comments?post=228"}],"version-history":[{"count":0,"href":"https:\/\/www.minicity.it\/blog\/wp-json\/wp\/v2\/posts\/228\/revisions"}],"wp:attachment":[{"href":"https:\/\/www.minicity.it\/blog\/wp-json\/wp\/v2\/media?parent=228"}],"wp:term":[{"taxonomy":"category","embeddable":true,"href":"https:\/\/www.minicity.it\/blog\/wp-json\/wp\/v2\/categories?post=228"},{"taxonomy":"post_tag","embeddable":true,"href":"https:\/\/www.minicity.it\/blog\/wp-json\/wp\/v2\/tags?post=228"}],"curies":[{"name":"wp","href":"https:\/\/api.w.org\/{rel}","templated":true}]}}