{"id":2288,"date":"2011-10-27T10:09:03","date_gmt":"2011-10-27T10:09:03","guid":{"rendered":"https:\/\/www.minicity.it\/blog\/?p=2288"},"modified":"2011-10-27T10:09:03","modified_gmt":"2011-10-27T10:09:03","slug":"cesena-a-tavola-eventi-gastronomici-ai-150-anni-dellunita-ditalia","status":"publish","type":"post","link":"https:\/\/www.minicity.it\/blog\/2011\/10\/cesena-a-tavola-eventi-gastronomici-ai-150-anni-dellunita-ditalia\/","title":{"rendered":"&#8220;Cesena a Tavola&#8221;: un omaggio gastronomico ai 150 anni dell&#8217;Unit\u00e0 d&#8217;Italia"},"content":{"rendered":"<p><strong><a href=\"https:\/\/www.minicity.it\/blog\/wp-content\/uploads\/2011\/10\/cervia-atavolaeventi.jpg\"><img loading=\"lazy\" decoding=\"async\" class=\"alignleft size-full wp-image-2290\" title=\"cervia-atavolaeventi\" src=\"https:\/\/www.minicity.it\/blog\/wp-content\/uploads\/2011\/10\/cervia-atavolaeventi.jpg\" alt=\"\" width=\"200\" height=\"155\" \/><\/a>Dal 29 ottobre<\/strong> (sabato) fino a marted\u00ec primo novembre a Cesena si svolger\u00e0 una golosissima manifestazione. Si tratta di <strong>\u201cCesena aTavola&#8221;<\/strong> <strong>evento eno-gastronomico<\/strong> ormai giunto alla sua diciottesima edizione che quest&#8217;anno vuole anche festeggiare il 150\u00b0 anniversario dell&#8217;Unit\u00e0 d&#8217;Italia.<!--more--><\/p>\n<p>\u201cCesena aTavola&#8221; si terr\u00e0 nel centro storico della cittadina romagnola con \u201costerie\u201d aperte al pubblico, stand e bancherelle di prodotti tipici. Tutto si svolger\u00e0 rigorosamente all&#8217;aperto, nelle strade e nelle piazze centrali dove le prelibatezze preparate secondo la tradizione verrano offerte a prezzi contenuti.<\/p>\n<p><strong>E come si festeggia l&#8217;Unit\u00e0 d&#8217;Italia?<\/strong> Con le specialit\u00e0 regionali in arrivo da tutto il paese. In Piazza della Libert\u00e0, ad esempio, si incontrer\u00e0 la &#8220;Sardegna in tavola&#8221; e l&#8217;Osteria \u201cToscana\u201d, accompagnate per\u00f2 anche dai prodotti del \u201cSale di Cervia\u201d.<\/p>\n<p>Poi troverete stand con assaggi di prodotti dell&#8217;Abruzzo, del Piemonte, fino a prelibatezze d&#8217;Oltralpe come i gauffe e le crepes. Per chi ama i climi pi\u00f9 nordici, invece, trover\u00e0 un tipico bus inglese trasformato, per l&#8217;occasione, in una birreria.<\/p>\n<p>Verr\u00e0 inoltre allestito un mercatino dove poter acquistare i prodotti tipici in arrivo da tutte le regioni italiane, la &#8220;Mostra Mercato dei prodotti alimentari tipici&#8221;, che si affianca allo stand del \u201cConsorzio dei Piccoli Produttori di Cesena\u201d, in piazza Giovanni Paolo II.<\/p>\n<p>Per l&#8217;occasione di \u201cCesena a Tavola&#8221;, inoltre, molti ristroranti della citt\u00e0 proporranno dei men\u00f9 a tema, i \u201cMen\u00f9 malatestiani\u201d a prezzi dichiarati (da 25 a 35 euro) e con prodotti tipici del territorio che si possono consultare sul sito Internet www.tipicoatavola.it.<\/p>\n","protected":false},"excerpt":{"rendered":"<p>Dal 29 ottobre (sabato) fino a marted&igrave; primo novembre a Cesena si svolger&agrave; una golosissima manifestazione. Si tratta di &ldquo;Cesena aTavola&rdquo; evento eno-gastronomico ormai giunto alla sua diciottesima edizione che quest&rsquo;anno vuole anche festeggiare il 150&deg; anniversario dell&rsquo;Unit&agrave; d&rsquo;Italia.<\/p>\n","protected":false},"author":7,"featured_media":0,"comment_status":"open","ping_status":"open","sticky":false,"template":"","format":"standard","meta":{"footnotes":""},"categories":[3],"tags":[54,24],"class_list":["post-2288","post","type-post","status-publish","format-standard","hentry","category-turismo","tag-eventi-enogastronomici","tag-forli-cesena"],"aioseo_notices":[],"_links":{"self":[{"href":"https:\/\/www.minicity.it\/blog\/wp-json\/wp\/v2\/posts\/2288","targetHints":{"allow":["GET"]}}],"collection":[{"href":"https:\/\/www.minicity.it\/blog\/wp-json\/wp\/v2\/posts"}],"about":[{"href":"https:\/\/www.minicity.it\/blog\/wp-json\/wp\/v2\/types\/post"}],"author":[{"embeddable":true,"href":"https:\/\/www.minicity.it\/blog\/wp-json\/wp\/v2\/users\/7"}],"replies":[{"embeddable":true,"href":"https:\/\/www.minicity.it\/blog\/wp-json\/wp\/v2\/comments?post=2288"}],"version-history":[{"count":0,"href":"https:\/\/www.minicity.it\/blog\/wp-json\/wp\/v2\/posts\/2288\/revisions"}],"wp:attachment":[{"href":"https:\/\/www.minicity.it\/blog\/wp-json\/wp\/v2\/media?parent=2288"}],"wp:term":[{"taxonomy":"category","embeddable":true,"href":"https:\/\/www.minicity.it\/blog\/wp-json\/wp\/v2\/categories?post=2288"},{"taxonomy":"post_tag","embeddable":true,"href":"https:\/\/www.minicity.it\/blog\/wp-json\/wp\/v2\/tags?post=2288"}],"curies":[{"name":"wp","href":"https:\/\/api.w.org\/{rel}","templated":true}]}}