{"id":2294,"date":"2011-10-27T10:33:40","date_gmt":"2011-10-27T10:33:40","guid":{"rendered":"https:\/\/www.minicity.it\/blog\/?p=2294"},"modified":"2011-10-27T10:33:40","modified_gmt":"2011-10-27T10:33:40","slug":"emilia-romagna-la-regione-piu-bio-ditalia","status":"publish","type":"post","link":"https:\/\/www.minicity.it\/blog\/2011\/10\/emilia-romagna-la-regione-piu-bio-ditalia\/","title":{"rendered":"Emilia-Romagna: la regione pi\u00f9 \u201cbio\u201d d&#8217;Italia"},"content":{"rendered":"<p><strong><a href=\"https:\/\/www.minicity.it\/blog\/wp-content\/uploads\/2011\/10\/turismoecologico.jpg\"><img loading=\"lazy\" decoding=\"async\" class=\"alignleft size-full wp-image-2295\" title=\"turismoecologico\" src=\"https:\/\/www.minicity.it\/blog\/wp-content\/uploads\/2011\/10\/turismoecologico.jpg\" alt=\"\" width=\"200\" height=\"150\" \/><\/a>A Bologna<\/strong> si \u00e8 tenuto, <strong>luned\u00ec 25 ottobre<\/strong> scorso, un convegno sull&#8217;agricoltura e il biologico dal titolo <strong>\u201cIl futuro del biologico in Emilia-Romagna tra orientamento al mercato e nuova Pac\u201d<\/strong> a cui hanno partecipatoalcuni dei maggiori esperti di questo settore in tutta la regione.<\/p>\n<p>Oltre a Tiberio Rabboni, assessore<!--more--> regionale all&#8217;agricoltura, erano presenti Paolo Carnemolla di FederBio, Lucio Cavazzoni dell&#8217;azienda biologica Alce Nero e Mielizia, Andrea Ferrante di AIAB, Graziella Lasi per la Granarolo, Renzo Piraccini di AlmaverdeBio, Marco Pirani di Progeo, Graziano Poggioli del Caseificio Santa Rita e Giacomo Sala per la BioPiace.<\/p>\n<p>Dai lavori \u00e8 emerso che il settore dell&#8217;agricoltura biologica \u00e8 un grande volano del territorio: l&#8217;Emilia-Romagna \u00e8 la prima regione italiana per numero di operatori che lavorano nel settore e la prima di tutto il Nord Italia per estensione delle superfici coltivate.<\/p>\n<p><strong>Quante sono le aziende agricole biologiche?<\/strong> In Emilia-Romagna nel 2011 sono ben 2725, con 3585 operatori, mentre nel 2009 erano 2699. Il settore, rispetto al 2009, \u00e8 in crescita del 2,3%. Sono in aumento anche gli allevamenti biologici, che oggi sono 625, mentre nel 2009 erano 580. L&#8217;aumento registrato \u00e8 del 7,76%. Questo \u00e8 dovuto anche al fatto che dal 2007 ad oggi al regione ha destinato a questo settore ben 181 milioni di euro di finanziamenti.<\/p>\n<p>La provincia che ha pi\u00f9 coltivatori \u00e8 quella di Forl\u00ec-Cesena, che ne conta ben 549, seguita da Parma con 434 aziende agricole bio e poi da Bologna con 359. Ciononostate il biologico oggi rappresenta il 3% del settore agricolo.<\/p>\n","protected":false},"excerpt":{"rendered":"<p>A Bologna si &egrave; tenuto, luned&igrave; 25 ottobre scorso, un convegno sull&rsquo;agricoltura e il biologico dal titolo &ldquo;Il futuro del biologico in Emilia-Romagna tra orientamento al mercato e nuova Pac&rdquo; a cui hanno partecipatoalcuni dei maggiori esperti di questo settore in tutta la regione. Oltre a Tiberio Rabboni, assessore<\/p>\n","protected":false},"author":1,"featured_media":0,"comment_status":"open","ping_status":"open","sticky":false,"template":"","format":"standard","meta":{"footnotes":""},"categories":[3],"tags":[5,57],"class_list":["post-2294","post","type-post","status-publish","format-standard","hentry","category-turismo","tag-notizie","tag-turismo-ecologico"],"aioseo_notices":[],"_links":{"self":[{"href":"https:\/\/www.minicity.it\/blog\/wp-json\/wp\/v2\/posts\/2294","targetHints":{"allow":["GET"]}}],"collection":[{"href":"https:\/\/www.minicity.it\/blog\/wp-json\/wp\/v2\/posts"}],"about":[{"href":"https:\/\/www.minicity.it\/blog\/wp-json\/wp\/v2\/types\/post"}],"author":[{"embeddable":true,"href":"https:\/\/www.minicity.it\/blog\/wp-json\/wp\/v2\/users\/1"}],"replies":[{"embeddable":true,"href":"https:\/\/www.minicity.it\/blog\/wp-json\/wp\/v2\/comments?post=2294"}],"version-history":[{"count":0,"href":"https:\/\/www.minicity.it\/blog\/wp-json\/wp\/v2\/posts\/2294\/revisions"}],"wp:attachment":[{"href":"https:\/\/www.minicity.it\/blog\/wp-json\/wp\/v2\/media?parent=2294"}],"wp:term":[{"taxonomy":"category","embeddable":true,"href":"https:\/\/www.minicity.it\/blog\/wp-json\/wp\/v2\/categories?post=2294"},{"taxonomy":"post_tag","embeddable":true,"href":"https:\/\/www.minicity.it\/blog\/wp-json\/wp\/v2\/tags?post=2294"}],"curies":[{"name":"wp","href":"https:\/\/api.w.org\/{rel}","templated":true}]}}