{"id":2311,"date":"2011-10-28T09:33:08","date_gmt":"2011-10-28T09:33:08","guid":{"rendered":"https:\/\/www.minicity.it\/blog\/?p=2311"},"modified":"2011-10-28T09:33:08","modified_gmt":"2011-10-28T09:33:08","slug":"il-circuito-di-misano-intitolato-a-marco-simoncelli","status":"publish","type":"post","link":"https:\/\/www.minicity.it\/blog\/2011\/10\/il-circuito-di-misano-intitolato-a-marco-simoncelli\/","title":{"rendered":"Il circuito di Misano intitolato a Marco Simoncelli"},"content":{"rendered":"<p><a href=\"https:\/\/www.minicity.it\/blog\/wp-content\/uploads\/2011\/10\/marcosimoncellimisanoadriatico.jpg\"><img loading=\"lazy\" decoding=\"async\" class=\"aligncenter size-full wp-image-2312\" title=\"marcosimoncellimisanoadriatico\" src=\"https:\/\/www.minicity.it\/blog\/wp-content\/uploads\/2011\/10\/marcosimoncellimisanoadriatico.jpg\" alt=\"\" width=\"500\" height=\"262\" \/><\/a><strong><br \/>\nIl 23 ottobre<\/strong> scorso il pilota motociclistico italiano <strong>Marco Simoncelli<\/strong> \u00e8 <strong>morto a Sepang<\/strong>, durante il Gran Premio della Malesia. Simoncelli (o SuperSic), classe 1987, era originario di Cattolica ed era amato <!--more-->in tutto il mondo non solo grazie ai suoi straordinari risultati sulla moto, ma anche per la sua simpatia e gentilezza.<\/p>\n<p>I suoi funerali sono stati celebrati gioved\u00ec 27 ottobre 2011 a Cattolica e, al termine, \u00e8 partita una proposta. Il primo a sostenerlo \u00e8 stato l\u2019ex pilota di auto Andrea De Adamich, seguito poi dalla redazione del Resto del Carlino. Qual \u00e8 la proposta? Che il circuito automobilistico di Misano Adriatico venga dedicato a Marco Simoncelli. Al Santa Monica di Misano Adriatico, infatti, nello scorso settembre Simoncelli e Valentino Rossi (a cui era legato, oltre che dalla passione sportiva, da profonda amicizia) si diedero duello in una gara che li vide entrambi sul campo.<\/p>\n<p>Per la redazione del Carlino si tratterebbe di celebrare un grande campione ma, sopratutto, una grande persona: \u201cnon \u00e8 soltanto una questione di vicinanza territoriale. Pu\u00f2 sembrare normale abbinare il nome di un pilota, specialmente se di alto livello, a una pista consacrata soprattutto alle moto: nel caso di SuperSic \u00e8 anche giusto, perch\u00e8 celebrerebbe chi non era soltanto un personaggio, ma anche una persona. Da oggi il nostro giornale porter\u00e0 avanti questa proposta: nel rispetto di Marco e di ci\u00f2 che agli occhi di tanta gente rappresenta\u201d.<\/p>\n<p>A sostegno di questa proposta \u00e8 anche partito un gruppo Facebook che ha raccolto, per il momento, quasi 27 mila firme e che punta ad arrivare a 100 mila.<\/p>\n","protected":false},"excerpt":{"rendered":"<p>Il 23 ottobre scorso il pilota motociclistico italiano Marco Simoncelli &egrave; morto a Sepang, durante il Gran Premio della Malesia. Simoncelli (o SuperSic), classe 1987, era originario di Cattolica ed era amato<\/p>\n","protected":false},"author":6,"featured_media":0,"comment_status":"open","ping_status":"open","sticky":false,"template":"","format":"standard","meta":{"footnotes":""},"categories":[3],"tags":[36],"class_list":["post-2311","post","type-post","status-publish","format-standard","hentry","category-turismo","tag-misano-adriatico"],"aioseo_notices":[],"_links":{"self":[{"href":"https:\/\/www.minicity.it\/blog\/wp-json\/wp\/v2\/posts\/2311","targetHints":{"allow":["GET"]}}],"collection":[{"href":"https:\/\/www.minicity.it\/blog\/wp-json\/wp\/v2\/posts"}],"about":[{"href":"https:\/\/www.minicity.it\/blog\/wp-json\/wp\/v2\/types\/post"}],"author":[{"embeddable":true,"href":"https:\/\/www.minicity.it\/blog\/wp-json\/wp\/v2\/users\/6"}],"replies":[{"embeddable":true,"href":"https:\/\/www.minicity.it\/blog\/wp-json\/wp\/v2\/comments?post=2311"}],"version-history":[{"count":0,"href":"https:\/\/www.minicity.it\/blog\/wp-json\/wp\/v2\/posts\/2311\/revisions"}],"wp:attachment":[{"href":"https:\/\/www.minicity.it\/blog\/wp-json\/wp\/v2\/media?parent=2311"}],"wp:term":[{"taxonomy":"category","embeddable":true,"href":"https:\/\/www.minicity.it\/blog\/wp-json\/wp\/v2\/categories?post=2311"},{"taxonomy":"post_tag","embeddable":true,"href":"https:\/\/www.minicity.it\/blog\/wp-json\/wp\/v2\/tags?post=2311"}],"curies":[{"name":"wp","href":"https:\/\/api.w.org\/{rel}","templated":true}]}}