{"id":2322,"date":"2011-10-28T12:40:38","date_gmt":"2011-10-28T12:40:38","guid":{"rendered":"https:\/\/www.minicity.it\/blog\/?p=2322"},"modified":"2011-10-28T12:40:38","modified_gmt":"2011-10-28T12:40:38","slug":"il-turismo-congressuale-in-emilia-romagna","status":"publish","type":"post","link":"https:\/\/www.minicity.it\/blog\/2011\/10\/il-turismo-congressuale-in-emilia-romagna\/","title":{"rendered":"Il Turismo Congressuale in Emilia Romagna"},"content":{"rendered":"<p><strong><a href=\"https:\/\/www.minicity.it\/blog\/wp-content\/uploads\/2010\/10\/Fiera-Rimini.jpg\"><img loading=\"lazy\" decoding=\"async\" class=\"alignleft size-full wp-image-163\" title=\"Fiera-Rimini\" src=\"https:\/\/www.minicity.it\/blog\/wp-content\/uploads\/2010\/10\/Fiera-Rimini.jpg\" alt=\"\" width=\"180\" height=\"120\" \/><\/a>Da venerd\u00ec 28 a domenica 30 ottobre<\/strong> a Forl\u00ec si terr\u00e0 un evento molto importante per il settore del <strong>turismo congressuale in Emilia-Romagna<\/strong>. Si tratta di un educational sul turismo congressuale promosso grazie a Apt Servizi Emilia Romagna, alle Unioni di Prodotto Costa, a <!--more-->Citt\u00e0 d\u2019arte e a Terme. L&#8217;evento si terr\u00e0 a Castrocaro Terme, al Grand Hotel Terme, e riunir\u00e0 30 buyer italiani e 15 seller provenienti, questi, esclusivamente dalla regione Emilia-Romagna.<\/p>\n<p>Il turismo congressuale \u00e8 infatti un settore su cui la regione e le varie localit\u00e0 di cui \u00e8 composta, stanno puntando in maniera specifica. Nel 2010 sono stati organizzati oltre <strong>10 mila eventi e congressi<\/strong>, tra fiere e meeting vari. Lo scopo dell&#8217;evento di Castrocaro Terme \u00e8 quello di far conoscere ulteriormente tutte le strutture (sale, palazzi, centri congressi, teatri e edifici vari) e le forze (professionalit\u00e0, competenze&#8230;) che la regione Emilia-Romagna pu\u00f2 e sa mettere in campo in questo settore.<\/p>\n<p>Il tour dei 30 buyer inizier\u00e0 con una visita al Centro congressi CEUB di Bertinoro (sede anche di alcune universit\u00e0) per poi spostarsi al Padiglione delle Feste del Grand Hotel Terme di Castrocaro,<\/p>\n<p>A questo scopo ricordiamo la recente apertura (l&#8217;inaugurazione \u00e8 stata il 16 ottobre scorso) del Palacongressi di Rimini: una magnifica struttura che pu\u00f2 ospitare migliaia di persone e su cui si punta per rilanciare gli eventi e i congressi non solo a Rimini e provincia, ma in tutta la Regione.<\/p>\n<p>Il turismo congressuale rappresenta per la regione Emilia-Romagna una grande oppurtunit\u00e0 per destagionalizzare la sua offerta turistica e per essere competitiva sul mercato tutto l&#8217;anno.<\/p>\n","protected":false},"excerpt":{"rendered":"<p>Da venerd&igrave; 28 a domenica 30 ottobre a Forl&igrave; si terr&agrave; un evento molto importante per il settore del turismo congressuale in Emilia-Romagna. Si tratta di un educational sul turismo congressuale promosso grazie a Apt Servizi Emilia Romagna, alle Unioni di Prodotto Costa, a<\/p>\n","protected":false},"author":1,"featured_media":0,"comment_status":"open","ping_status":"open","sticky":false,"template":"","format":"standard","meta":{"footnotes":""},"categories":[3],"tags":[52,44],"class_list":["post-2322","post","type-post","status-publish","format-standard","hentry","category-turismo","tag-fiere-turismo","tag-statistiche"],"aioseo_notices":[],"_links":{"self":[{"href":"https:\/\/www.minicity.it\/blog\/wp-json\/wp\/v2\/posts\/2322","targetHints":{"allow":["GET"]}}],"collection":[{"href":"https:\/\/www.minicity.it\/blog\/wp-json\/wp\/v2\/posts"}],"about":[{"href":"https:\/\/www.minicity.it\/blog\/wp-json\/wp\/v2\/types\/post"}],"author":[{"embeddable":true,"href":"https:\/\/www.minicity.it\/blog\/wp-json\/wp\/v2\/users\/1"}],"replies":[{"embeddable":true,"href":"https:\/\/www.minicity.it\/blog\/wp-json\/wp\/v2\/comments?post=2322"}],"version-history":[{"count":0,"href":"https:\/\/www.minicity.it\/blog\/wp-json\/wp\/v2\/posts\/2322\/revisions"}],"wp:attachment":[{"href":"https:\/\/www.minicity.it\/blog\/wp-json\/wp\/v2\/media?parent=2322"}],"wp:term":[{"taxonomy":"category","embeddable":true,"href":"https:\/\/www.minicity.it\/blog\/wp-json\/wp\/v2\/categories?post=2322"},{"taxonomy":"post_tag","embeddable":true,"href":"https:\/\/www.minicity.it\/blog\/wp-json\/wp\/v2\/tags?post=2322"}],"curies":[{"name":"wp","href":"https:\/\/api.w.org\/{rel}","templated":true}]}}