{"id":2354,"date":"2011-11-03T10:06:03","date_gmt":"2011-11-03T10:06:03","guid":{"rendered":"https:\/\/www.minicity.it\/blog\/?p=2354"},"modified":"2011-11-03T10:06:03","modified_gmt":"2011-11-03T10:06:03","slug":"rimini-ricorda-don-oreste-benzi","status":"publish","type":"post","link":"https:\/\/www.minicity.it\/blog\/2011\/11\/rimini-ricorda-don-oreste-benzi\/","title":{"rendered":"Rimini ricorda Don Oreste Benzi"},"content":{"rendered":"<p><strong><a href=\"https:\/\/www.minicity.it\/blog\/wp-content\/uploads\/2011\/11\/donbenzirimini.jpg\"><img loading=\"lazy\" decoding=\"async\" class=\"alignleft size-full wp-image-2355\" title=\"donbenzirimini\" src=\"https:\/\/www.minicity.it\/blog\/wp-content\/uploads\/2011\/11\/donbenzirimini.jpg\" alt=\"\" width=\"200\" height=\"167\" \/><\/a>Il 2 novembre 2007<\/strong> si spegneva a Rimini <strong>Don Oreste Benzi<\/strong>. E sono in tanti, nella citt\u00e0 romagnola, a passare dal cimitero nel giorno della sua morte per fare un ennesimo saluto al prete a cui si deve la fondazione della Papa Giovanni XXIII\u00b0: sulla sua tomba molti fiori e messaggi, e un via vai continuo di persone. E non solo l\u00ec: ieri per <!--more-->tutta la giornata in molti sono passati dalla parrocchia della Resurrezione a Rimini, dove Don Benzi aveva la sua stanza, i suoi scritti e dove si ritirava a lavorare. E dove il prete \u00e8 stato trovato morto ormai 4 anni fa.<\/p>\n<p>La prima casa famiglia Don Benzi l&#8217;ha aperte nel 1972 e da allora questa struttura che accoglie i pi\u00f9 poveri da Rimini \u00e8 arrivata in tutto il mondo: dall&#8217;America Latina all&#8217;Africa, dall&#8217;Australia alla Spagna, dalla Russia al Kosovo. Oggi la struttura ha 200 case famiglie dove vengono accolte persone con handicap, tossicodipendenti, alcolisti, minori o persone con problemi psicologici; sei case di preghiera; 7 case di fraternit\u00e0 dove vengono accolte persone nel bisogno; 15 cooperative sociali dove vengono fatte lavorare persone che hanno bisogno di un reinserimento lavorativo; 6 centri diurni: 32 comunit\u00e0 terapeutiche dove si lavora sul recupero delle tossicodipendenze e sul reinserimento nella vita quotidiana di persone con problemi.<\/p>\n<p>Dalla morte di Don Benzi la Papa Giovanni XXIII si \u00e8 molto ampliata: sono state aperte pi\u00f9 di 40 nuove strutture sia a Rimini, che in tutte le parti del mondo dove la comunit\u00e0 \u00e8 presente.<\/p>\n<p>Inoltre in molti stanno chiedendo la santificazione del parroco romagnolo.<\/p>\n<p>Per ricordare don Benzi ieri, mercoled\u00ec 2 novembre, monsignor Luigi Negri, vescovo di San Marino, ha celebrato una messa in ricordo del sacerdote.<\/p>\n","protected":false},"excerpt":{"rendered":"<p>Il 2 novembre 2007 si spegneva a Rimini Don Oreste Benzi. E sono in tanti, nella citt&agrave; romagnola, a passare dal cimitero nel giorno della sua morte per fare un ennesimo saluto al prete a cui si deve la fondazione della Papa Giovanni XXIII&deg;: sulla sua tomba molti fiori e messaggi, e un via vai &#8230;<a class=\"post-readmore\" href=\"https:\/\/www.minicity.it\/blog\/2011\/11\/rimini-ricorda-don-oreste-benzi\/\">read more<\/a><\/p>\n","protected":false},"author":1,"featured_media":0,"comment_status":"open","ping_status":"open","sticky":false,"template":"","format":"standard","meta":{"footnotes":""},"categories":[3],"tags":[33,10],"class_list":["post-2354","post","type-post","status-publish","format-standard","hentry","category-turismo","tag-eventi-riviera","tag-rimini"],"aioseo_notices":[],"_links":{"self":[{"href":"https:\/\/www.minicity.it\/blog\/wp-json\/wp\/v2\/posts\/2354","targetHints":{"allow":["GET"]}}],"collection":[{"href":"https:\/\/www.minicity.it\/blog\/wp-json\/wp\/v2\/posts"}],"about":[{"href":"https:\/\/www.minicity.it\/blog\/wp-json\/wp\/v2\/types\/post"}],"author":[{"embeddable":true,"href":"https:\/\/www.minicity.it\/blog\/wp-json\/wp\/v2\/users\/1"}],"replies":[{"embeddable":true,"href":"https:\/\/www.minicity.it\/blog\/wp-json\/wp\/v2\/comments?post=2354"}],"version-history":[{"count":0,"href":"https:\/\/www.minicity.it\/blog\/wp-json\/wp\/v2\/posts\/2354\/revisions"}],"wp:attachment":[{"href":"https:\/\/www.minicity.it\/blog\/wp-json\/wp\/v2\/media?parent=2354"}],"wp:term":[{"taxonomy":"category","embeddable":true,"href":"https:\/\/www.minicity.it\/blog\/wp-json\/wp\/v2\/categories?post=2354"},{"taxonomy":"post_tag","embeddable":true,"href":"https:\/\/www.minicity.it\/blog\/wp-json\/wp\/v2\/tags?post=2354"}],"curies":[{"name":"wp","href":"https:\/\/api.w.org\/{rel}","templated":true}]}}