{"id":2364,"date":"2011-11-03T13:53:44","date_gmt":"2011-11-03T13:53:44","guid":{"rendered":"https:\/\/www.minicity.it\/blog\/?p=2364"},"modified":"2011-11-03T13:53:44","modified_gmt":"2011-11-03T13:53:44","slug":"la-storia-contadina-a-santarcangelo-di-romagna","status":"publish","type":"post","link":"https:\/\/www.minicity.it\/blog\/2011\/11\/la-storia-contadina-a-santarcangelo-di-romagna\/","title":{"rendered":"La storia contadina a Santarcangelo di Romagna"},"content":{"rendered":"<p><strong><a href=\"https:\/\/www.minicity.it\/blog\/wp-content\/uploads\/2011\/11\/storiacontadina.jpg\"><img loading=\"lazy\" decoding=\"async\" class=\"alignleft size-full wp-image-2366\" title=\"storiacontadina\" src=\"https:\/\/www.minicity.it\/blog\/wp-content\/uploads\/2011\/11\/storiacontadina.jpg\" alt=\"\" width=\"200\" height=\"145\" \/><\/a>Dal 9 all&#8217;11 novembre<\/strong> prossimo a Santarcagelo di Romagna si terr\u00e0 un interessantissimo convegno <strong>\u201cLa memoria dei contadini: musei, biodiversit\u00e0 e saperi della terra\u201d<\/strong>. Si tratter\u00e0 di una tre giorni dedicata alla storia locale e al suo simbolo prediletto, il museo contadino, o dell&#8217;agricoltura, o del territorio.<!--more--><\/p>\n<p>Queste istituzioni negli ultimi anni hanno spesso cambiato forme e contenuti per integrarsi sempre di pi\u00f9 con il territorio e partecipare alla vita delle comunit\u00e0, rielaborando e rievocando la storia locale e le tradizioni. \u201cLa memoria dei contadini: musei, biodiversit\u00e0 e saperi della terra\u201d \u00e8 un convegno che vuole analizzare il ruolo odierno del \u201cmuseo etnografico\u201d, declinato in tutte le sue forme: \u00e8 uno strumento di conservazione della storia o un mezzo di proiezione del territorio nel futuro?<\/p>\n<p><strong>Perch\u00e9 la scelta di Santarcangelo?<\/strong> Perch\u00e9 in questa cittadina romagnola, esattamente dieci anni fa, \u00e8 nata SIMBDEA (Societ\u00e0 italiana per la Museografia e i Beni Demo Etno Antropologici), mentre 40 anni fa ricordiamo il Museo degli Usi e Costumi della Gente di Romagna (1971) e, risalendo fino a novant&#8217;anni fa arriviamo alla prima esposizione etnografica romagnola &#8220;Esposizioni Romagnole Riunite&#8221; (1921)<\/p>\n<p>Il convegno si terr\u00e0 al Met (Museo degli Usi e Costumi della Gente di Romagna). \u201cLa memoria dei contadini: musei, biodiversit\u00e0 e saperi della terra\u201d \u00e8 stato possibile grazie al contributo della Regione Emilia Romagna, dell&#8217;Istituto per i Beni Culturali della Regione Emilia Romagna, della Provincia di Rimini e della Camera di Commercio di Rimini. Per informazioni chiamare il numero 0541 624703<\/p>\n","protected":false},"excerpt":{"rendered":"<p>Dal 9 all&rsquo;11 novembre prossimo a Santarcagelo di Romagna si terr&agrave; un interessantissimo convegno &ldquo;La memoria dei contadini: musei, biodiversit&agrave; e saperi della terra&rdquo;. Si tratter&agrave; di una tre giorni dedicata alla storia locale e al suo simbolo prediletto, il museo contadino, o dell&rsquo;agricoltura, o del territorio.<\/p>\n","protected":false},"author":7,"featured_media":0,"comment_status":"open","ping_status":"open","sticky":false,"template":"","format":"standard","meta":{"footnotes":""},"categories":[3],"tags":[55,10],"class_list":["post-2364","post","type-post","status-publish","format-standard","hentry","category-turismo","tag-notizie-cultura","tag-rimini"],"aioseo_notices":[],"_links":{"self":[{"href":"https:\/\/www.minicity.it\/blog\/wp-json\/wp\/v2\/posts\/2364","targetHints":{"allow":["GET"]}}],"collection":[{"href":"https:\/\/www.minicity.it\/blog\/wp-json\/wp\/v2\/posts"}],"about":[{"href":"https:\/\/www.minicity.it\/blog\/wp-json\/wp\/v2\/types\/post"}],"author":[{"embeddable":true,"href":"https:\/\/www.minicity.it\/blog\/wp-json\/wp\/v2\/users\/7"}],"replies":[{"embeddable":true,"href":"https:\/\/www.minicity.it\/blog\/wp-json\/wp\/v2\/comments?post=2364"}],"version-history":[{"count":0,"href":"https:\/\/www.minicity.it\/blog\/wp-json\/wp\/v2\/posts\/2364\/revisions"}],"wp:attachment":[{"href":"https:\/\/www.minicity.it\/blog\/wp-json\/wp\/v2\/media?parent=2364"}],"wp:term":[{"taxonomy":"category","embeddable":true,"href":"https:\/\/www.minicity.it\/blog\/wp-json\/wp\/v2\/categories?post=2364"},{"taxonomy":"post_tag","embeddable":true,"href":"https:\/\/www.minicity.it\/blog\/wp-json\/wp\/v2\/tags?post=2364"}],"curies":[{"name":"wp","href":"https:\/\/api.w.org\/{rel}","templated":true}]}}