{"id":2371,"date":"2011-11-03T15:06:20","date_gmt":"2011-11-03T15:06:20","guid":{"rendered":"https:\/\/www.minicity.it\/blog\/?p=2371"},"modified":"2011-11-03T15:06:20","modified_gmt":"2011-11-03T15:06:20","slug":"i-giovani-agricoltori-in-forum-a-rimini","status":"publish","type":"post","link":"https:\/\/www.minicity.it\/blog\/2011\/11\/i-giovani-agricoltori-in-forum-a-rimini\/","title":{"rendered":"I giovani agricoltori in forum a Rimini"},"content":{"rendered":"<p><strong><a href=\"https:\/\/www.minicity.it\/blog\/wp-content\/uploads\/2011\/11\/forumgiovaniagricoltori.jpg\"><img loading=\"lazy\" decoding=\"async\" class=\"alignleft size-full wp-image-2373\" title=\"forumgiovaniagricoltori\" src=\"https:\/\/www.minicity.it\/blog\/wp-content\/uploads\/2011\/11\/forumgiovaniagricoltori.jpg\" alt=\"\" width=\"200\" height=\"150\" \/><\/a>I prossimi 4 e 5 novembre<\/strong> a Rimini si terr\u00e0 il <strong>\u201cForum dei Giovani Agricoltori\u201d<\/strong>. Si tratta di un evento pensato per sostenere e promuovere il ruolo dell&#8217;agricoltura e dei giovani in Italia, prendendo in considerazione il ruolo dei giovani in questo antico e faticoso mestiere, legato alla terra e alla natura, ma anche a <!--more-->spietate leggi del mercato nazionale e internazionale.<\/p>\n<p>Il \u201cForum dei Giovani Agricoltori\u201d \u00e8 un&#8217;iniziativa di ANGA-Giovani di Confagricoltura. Si tratta della pi\u00f9 grande e forte associazione che riunisce i giovani imprenditori agricoli. Questo Forum \u00e8 la prima edizione di un evento che si vuole portare avanti negli anni.<\/p>\n<p>Al centro delle discussioni di Rimini ci sar\u00e0 l&#8217;impresa agricola \u201cunder 40\u201d: una realt\u00e0 che si vuole inserire nel mercato e sfruttare maggiormente l&#8217;innovazione e le nuove tecnologie, ma anche le colture biologiche e tradizionali. Per questo ANGA-Giovani chieder\u00e0 alle imprese che hanno raggiunto risultati e che sono un esempio di successo di presentare il loro lavoro a tutta l&#8217;assemblea.<\/p>\n<p>Durante il \u201cForum dei Giovani Agricoltori\u201d, inoltre, verr\u00e0 anche presentata una ricerca dal titolo \u201cIl ruolo dei giovani agricoltori per il futuro dell\u2019agricoltura italiana. Esigenze, punti di forza, criticit\u00e0, alla luce dei nuovi scenari\u201d che \u00e8 stata commissionata a Nomisma. Per l&#8217;occasione saranno presenti anche esponenti del mondo imprenditoriale, agricolo e politico.<\/p>\n<p>L&#8217;appuntamento \u00e8 quindi in riviera romagnola per il \u201cForum dei Giovani Agricoltori\u201d: dal 4 al 5 novembre prossimo al <strong>Grand Hotel di Rimini<\/strong>. I lavori inizieranno venerd\u00ec alle ore 14:30 e termineranno alle 13:00 del sabato.<\/p>\n","protected":false},"excerpt":{"rendered":"<p>I prossimi 4 e 5 novembre a Rimini si terr&agrave; il &ldquo;Forum dei Giovani Agricoltori&rdquo;. Si tratta di un evento pensato per sostenere e promuovere il ruolo dell&rsquo;agricoltura e dei giovani in Italia, prendendo in considerazione il ruolo dei giovani in questo antico e faticoso mestiere, legato alla terra e alla natura, ma anche a<\/p>\n","protected":false},"author":1,"featured_media":0,"comment_status":"open","ping_status":"open","sticky":false,"template":"","format":"standard","meta":{"footnotes":""},"categories":[3],"tags":[55,10],"class_list":["post-2371","post","type-post","status-publish","format-standard","hentry","category-turismo","tag-notizie-cultura","tag-rimini"],"aioseo_notices":[],"_links":{"self":[{"href":"https:\/\/www.minicity.it\/blog\/wp-json\/wp\/v2\/posts\/2371","targetHints":{"allow":["GET"]}}],"collection":[{"href":"https:\/\/www.minicity.it\/blog\/wp-json\/wp\/v2\/posts"}],"about":[{"href":"https:\/\/www.minicity.it\/blog\/wp-json\/wp\/v2\/types\/post"}],"author":[{"embeddable":true,"href":"https:\/\/www.minicity.it\/blog\/wp-json\/wp\/v2\/users\/1"}],"replies":[{"embeddable":true,"href":"https:\/\/www.minicity.it\/blog\/wp-json\/wp\/v2\/comments?post=2371"}],"version-history":[{"count":0,"href":"https:\/\/www.minicity.it\/blog\/wp-json\/wp\/v2\/posts\/2371\/revisions"}],"wp:attachment":[{"href":"https:\/\/www.minicity.it\/blog\/wp-json\/wp\/v2\/media?parent=2371"}],"wp:term":[{"taxonomy":"category","embeddable":true,"href":"https:\/\/www.minicity.it\/blog\/wp-json\/wp\/v2\/categories?post=2371"},{"taxonomy":"post_tag","embeddable":true,"href":"https:\/\/www.minicity.it\/blog\/wp-json\/wp\/v2\/tags?post=2371"}],"curies":[{"name":"wp","href":"https:\/\/api.w.org\/{rel}","templated":true}]}}