{"id":238,"date":"2011-02-07T12:30:16","date_gmt":"2011-02-07T12:30:16","guid":{"rendered":"https:\/\/www.minicity.it\/blog\/?p=238"},"modified":"2011-02-07T12:30:16","modified_gmt":"2011-02-07T12:30:16","slug":"la-romagna-e-street-fighters-european-tour-2011","status":"publish","type":"post","link":"https:\/\/www.minicity.it\/blog\/2011\/02\/la-romagna-e-street-fighters-european-tour-2011\/","title":{"rendered":"La Romagna \u00e8 Street Fighters European Tour 2011"},"content":{"rendered":"<p><strong><a href=\"https:\/\/www.minicity.it\/blog\/wp-content\/uploads\/2011\/02\/streetfightersdanza.jpg\" target=\"_blank\"><img loading=\"lazy\" decoding=\"async\" class=\"alignleft size-full wp-image-239\" style=\"margin: 5px 8px;\" title=\"streetfightersdanza\" src=\"https:\/\/www.minicity.it\/blog\/wp-content\/uploads\/2011\/02\/streetfightersdanza.jpg\" alt=\"\" width=\"200\" height=\"220\" \/><\/a>Lo Street Fighters European Tour 2011<\/strong> \u00e8 uno show contest di street dance europea che viagger\u00e0 30 tappe lungo sette mesi, con un pubblico di 500 mila spettatori in tre anni. La quarta edizione quest&#8217;anno vede la Romagna protagonista: il tour \u00e8 partito sabato 15 gennaio e terminer\u00e0 il prossimo 16 luglio a Cesenatico e vedr\u00e0 i maggiori artisti di fama mondiale sui palchi: Brooklyn Terry (Usa\/Jap), Mr Wiggles(Usa), Tony Gogo (Usa), Kris (Amici 2010), Byron (Fra).<\/p>\n<p>Ben altre tre tappe saranno in terra romagnola, sempre a Cesena: la prima \u00e8 stata sabato 5 febbraio scorso al teatro Verdi, la seconda sar\u00e0 il 5 marzo sempre all&#8217;Officina 49 e l&#8217;ultima, prima del gran finale di Cesenatico, sar\u00e0 il 9 aprile prossimo al Vidia Club di San Vittore di Cesena.<\/p>\n<p>Per maggiori informazioni www.streetfightersonline.it.<\/p>\n","protected":false},"excerpt":{"rendered":"<p>Lo Street Fighters European Tour 2011 &egrave; uno show contest di street dance europea che viagger&agrave; 30 tappe lungo sette mesi, con un pubblico di 500 mila spettatori in tre anni. La quarta edizione quest&rsquo;anno vede la Romagna protagonista: il tour &egrave; partito sabato 15 gennaio e terminer&agrave; il prossimo 16 luglio a Cesenatico e &#8230;<a class=\"post-readmore\" href=\"https:\/\/www.minicity.it\/blog\/2011\/02\/la-romagna-e-street-fighters-european-tour-2011\/\">read more<\/a><\/p>\n","protected":false},"author":1,"featured_media":0,"comment_status":"open","ping_status":"open","sticky":false,"template":"","format":"standard","meta":{"footnotes":""},"categories":[3],"tags":[33],"class_list":["post-238","post","type-post","status-publish","format-standard","hentry","category-turismo","tag-eventi-riviera"],"aioseo_notices":[],"_links":{"self":[{"href":"https:\/\/www.minicity.it\/blog\/wp-json\/wp\/v2\/posts\/238","targetHints":{"allow":["GET"]}}],"collection":[{"href":"https:\/\/www.minicity.it\/blog\/wp-json\/wp\/v2\/posts"}],"about":[{"href":"https:\/\/www.minicity.it\/blog\/wp-json\/wp\/v2\/types\/post"}],"author":[{"embeddable":true,"href":"https:\/\/www.minicity.it\/blog\/wp-json\/wp\/v2\/users\/1"}],"replies":[{"embeddable":true,"href":"https:\/\/www.minicity.it\/blog\/wp-json\/wp\/v2\/comments?post=238"}],"version-history":[{"count":0,"href":"https:\/\/www.minicity.it\/blog\/wp-json\/wp\/v2\/posts\/238\/revisions"}],"wp:attachment":[{"href":"https:\/\/www.minicity.it\/blog\/wp-json\/wp\/v2\/media?parent=238"}],"wp:term":[{"taxonomy":"category","embeddable":true,"href":"https:\/\/www.minicity.it\/blog\/wp-json\/wp\/v2\/categories?post=238"},{"taxonomy":"post_tag","embeddable":true,"href":"https:\/\/www.minicity.it\/blog\/wp-json\/wp\/v2\/tags?post=238"}],"curies":[{"name":"wp","href":"https:\/\/api.w.org\/{rel}","templated":true}]}}