{"id":2395,"date":"2011-11-04T12:51:21","date_gmt":"2011-11-04T12:51:21","guid":{"rendered":"https:\/\/www.minicity.it\/blog\/?p=2395"},"modified":"2011-11-04T12:51:21","modified_gmt":"2011-11-04T12:51:21","slug":"eventi-fano-il-jazz-by-the-sea","status":"publish","type":"post","link":"https:\/\/www.minicity.it\/blog\/2011\/11\/eventi-fano-il-jazz-by-the-sea\/","title":{"rendered":"A Fano torna il Jazz"},"content":{"rendered":"<p><a href=\"https:\/\/www.minicity.it\/blog\/wp-content\/uploads\/2011\/02\/jazz.jpg\"><img loading=\"lazy\" decoding=\"async\" class=\"alignleft size-full wp-image-314\" title=\"jazz\" src=\"https:\/\/www.minicity.it\/blog\/wp-content\/uploads\/2011\/02\/jazz.jpg\" alt=\"\" width=\"200\" height=\"132\" \/><\/a>A <strong>Fano<\/strong> torna la musica di qualit\u00e0 con il <strong>Fano Jazz Club<\/strong>, che da 19 anni ormai organizza tre momenti di musica jazz durante l&#8217;anno che hanno reso la cittadina marchigiana famosa in tutto il mondo. Si tratta di \u201cFano Jazz\u201d, di \u201cFano Jazz by the Sea\u201d, la rassegna <!--more-->estiva di musica jazz all&#8217;aperto e, da ormai 11 anni, anche \u201cJazz &#8216;in provincia\u201d spettacoli di musica jazz che vengono portati in diversi spazi della provincia di Pesaro-Urbino.<\/p>\n<p><strong>Il prossimo 5 novembre<\/strong>, sabato, ricomincia la programmazione invernale. E, come ogni anno, i concerti si terranno nella sede del Pala J &#8211; Porto Turistico Marina dei Cesari. Il programma di questa edizione, che \u00e8 la quindicesima, \u00e8 ricco ed emozionante: si parte, appunto, sabato 5 con Antonio Fara\u00f2 &#8211; Jazz and Funk Trio. Si tratta di uno dei pi\u00f9 grandi pianisti europei, accompagnato da un basso elettrico e da una batteria. Venerd\u00ec 18 novembre \u00e8 la volta di un altro grande nome, Marco Pacassoni Quartet, che si esibir\u00e0 accompagnato da Amik Guerra, uno dei pi\u00f9 grandi trombettisti del mondo.<\/p>\n<p>A seguire, il <strong>26 novembre<\/strong>, toccher\u00e0 al Felice Clemente Quartet e il 3 dicembre un nome che \u00e8 ormai un&#8217;icona, Roberto Gatto, che presenter\u00e0 al pubblico marchigiano il suo ultimo lavoro, un tributo a Shelly Manne, il batterista americano scomparso nel 1984.<\/p>\n<p>Il <strong>17 dicembre<\/strong> invece toccher\u00e0 a una formazione che ha pi\u00f9 volte solcato i palchi del Fano Jazz, gli High Five: una delle poche formazioni jazz italiane che \u00e8 diventata famosa nel mondo. Con loro si chiuder\u00e0 il 2011, mentre il 7 gennaio si aprir\u00e0 l&#8217;anno nuovo con i Creative Music Front, formazione italiana che ha le sue radici a Boston.<\/p>\n<p>Insomma, il programma \u00e8 vario e fa della cittadina marchigiana un vero e proprio palco internazionale. Per maggiori informazioni, i costi e per il programma completo contattare il Fano Jazz Network allo 0721\/803043 o scrivere una mail a info@fanojazz.org.<\/p>\n","protected":false},"excerpt":{"rendered":"<p>A Fano torna la musica di qualit&agrave; con il Fano Jazz Club, che da 19 anni ormai organizza tre momenti di musica jazz durante l&rsquo;anno che hanno reso la cittadina marchigiana famosa in tutto il mondo. Si tratta di &ldquo;Fano Jazz&rdquo;, di &ldquo;Fano Jazz by the Sea&rdquo;, la rassegna<\/p>\n","protected":false},"author":7,"featured_media":0,"comment_status":"open","ping_status":"open","sticky":false,"template":"","format":"standard","meta":{"footnotes":""},"categories":[3],"tags":[39,32],"class_list":["post-2395","post","type-post","status-publish","format-standard","hentry","category-turismo","tag-concerti","tag-marche"],"aioseo_notices":[],"_links":{"self":[{"href":"https:\/\/www.minicity.it\/blog\/wp-json\/wp\/v2\/posts\/2395","targetHints":{"allow":["GET"]}}],"collection":[{"href":"https:\/\/www.minicity.it\/blog\/wp-json\/wp\/v2\/posts"}],"about":[{"href":"https:\/\/www.minicity.it\/blog\/wp-json\/wp\/v2\/types\/post"}],"author":[{"embeddable":true,"href":"https:\/\/www.minicity.it\/blog\/wp-json\/wp\/v2\/users\/7"}],"replies":[{"embeddable":true,"href":"https:\/\/www.minicity.it\/blog\/wp-json\/wp\/v2\/comments?post=2395"}],"version-history":[{"count":0,"href":"https:\/\/www.minicity.it\/blog\/wp-json\/wp\/v2\/posts\/2395\/revisions"}],"wp:attachment":[{"href":"https:\/\/www.minicity.it\/blog\/wp-json\/wp\/v2\/media?parent=2395"}],"wp:term":[{"taxonomy":"category","embeddable":true,"href":"https:\/\/www.minicity.it\/blog\/wp-json\/wp\/v2\/categories?post=2395"},{"taxonomy":"post_tag","embeddable":true,"href":"https:\/\/www.minicity.it\/blog\/wp-json\/wp\/v2\/tags?post=2395"}],"curies":[{"name":"wp","href":"https:\/\/api.w.org\/{rel}","templated":true}]}}