{"id":2426,"date":"2011-11-08T11:29:15","date_gmt":"2011-11-08T11:29:15","guid":{"rendered":"https:\/\/www.minicity.it\/blog\/?p=2426"},"modified":"2011-11-08T11:29:15","modified_gmt":"2011-11-08T11:29:15","slug":"rimini-teatro-valdoca-al-teatro-degli-atti","status":"publish","type":"post","link":"https:\/\/www.minicity.it\/blog\/2011\/11\/rimini-teatro-valdoca-al-teatro-degli-atti\/","title":{"rendered":"Rimini: il Teatro Valdoca al Teatro degli Atti"},"content":{"rendered":"<p><strong><a href=\"https:\/\/www.minicity.it\/blog\/wp-content\/uploads\/2011\/05\/riccioneteatro.jpg\"><img loading=\"lazy\" decoding=\"async\" class=\"alignleft size-full wp-image-923\" title=\"riccioneteatro\" src=\"https:\/\/www.minicity.it\/blog\/wp-content\/uploads\/2011\/05\/riccioneteatro.jpg\" alt=\"\" width=\"180\" height=\"155\" \/><\/a>La stagione 2011-2012<\/strong> del <strong>Teatro degli Atti di Rimini<\/strong> si apre alla grande <strong>mercoled\u00ec 9 novembre<\/strong> con una compagnia che ha girato tutto il paese accogliendo i giudizi positivo di pubblico e critica. Si tratta del Teatro Valdoca, la storica compagnia diretta da Cesare Ronconi, che presenter\u00e0 nella citt\u00e0 romagnola il suo \u201cPer voce e ombra\u201d, un concerto teatrale.<!--more--><\/p>\n<p><strong>Il Teatro Valdoca<\/strong> \u00e8 una compagnia nata all&#8217;inizio degli anni Ottanta a Cesena che si \u00e8 subito affermata nel panorama nazionale per la ricerca e l&#8217;originalit\u00e0 dei suoi lavori. \u201cPer voce e ombra\u201d fa parte della rassegna \u201cBiblioterapia. Come curarsi o (ammalarsi) coi libri\u201d organizzata dalla Biblioteca Gambalunga di Rimini dedicata alle figure del male: lo spettacolo del Valdoca si rif\u00e0 alla figura di Caino e mette al centro del lavoro l&#8217;ombra, lavorando tra il suono e le parole.<\/p>\n<p>Alle voci troveremo Mariangela Gualtieri, che \u00e8 anche autrice dei testi, e Leonardo Delogu, che ha spesso lavorato con il Teatro Valdoca. Alla batteria ci sar\u00e0 Enrico Malatesta e alla consolle Luca Fusconi.<\/p>\n<p>L&#8217;appuntamento \u00e8 per mercoled\u00ec 9 ottobre alle ore 21:00 al Teatro degli Atti di Rimini (via Cairoli, 42). I biglietti si possono acquistare alla biglietteria del Teatro Novelli dal luned\u00ec al sabato dalle ore 10:00 alle ore 14:00. La biglietteria si trova in via Cappellini 3 (telefono: 0541 24152). Oppure via mail (biglietteriateatro@comune.rimini.it) o per via telefonica.<\/p>\n<p>Per maggiori informazioni contattareI stituzione Musica Teatro Eventi allo 0541 704292 o consultare il sito Internet del Teatro Novelli (www.teatroermetenovelli.it) o del Teatro Valdoca (www.teatrovaldoca.org).<\/p>\n","protected":false},"excerpt":{"rendered":"<p>La stagione 2011-2012 del Teatro degli Atti di Rimini si apre alla grande mercoled&igrave; 9 novembre con una compagnia che ha girato tutto il paese accogliendo i giudizi positivo di pubblico e critica. Si tratta del Teatro Valdoca, la storica compagnia diretta da Cesare Ronconi, che presenter&agrave; nella citt&agrave; romagnola il suo &ldquo;Per voce e &#8230;<a class=\"post-readmore\" href=\"https:\/\/www.minicity.it\/blog\/2011\/11\/rimini-teatro-valdoca-al-teatro-degli-atti\/\">read more<\/a><\/p>\n","protected":false},"author":1,"featured_media":0,"comment_status":"open","ping_status":"open","sticky":false,"template":"","format":"standard","meta":{"footnotes":""},"categories":[3],"tags":[55,10],"class_list":["post-2426","post","type-post","status-publish","format-standard","hentry","category-turismo","tag-notizie-cultura","tag-rimini"],"aioseo_notices":[],"_links":{"self":[{"href":"https:\/\/www.minicity.it\/blog\/wp-json\/wp\/v2\/posts\/2426","targetHints":{"allow":["GET"]}}],"collection":[{"href":"https:\/\/www.minicity.it\/blog\/wp-json\/wp\/v2\/posts"}],"about":[{"href":"https:\/\/www.minicity.it\/blog\/wp-json\/wp\/v2\/types\/post"}],"author":[{"embeddable":true,"href":"https:\/\/www.minicity.it\/blog\/wp-json\/wp\/v2\/users\/1"}],"replies":[{"embeddable":true,"href":"https:\/\/www.minicity.it\/blog\/wp-json\/wp\/v2\/comments?post=2426"}],"version-history":[{"count":0,"href":"https:\/\/www.minicity.it\/blog\/wp-json\/wp\/v2\/posts\/2426\/revisions"}],"wp:attachment":[{"href":"https:\/\/www.minicity.it\/blog\/wp-json\/wp\/v2\/media?parent=2426"}],"wp:term":[{"taxonomy":"category","embeddable":true,"href":"https:\/\/www.minicity.it\/blog\/wp-json\/wp\/v2\/categories?post=2426"},{"taxonomy":"post_tag","embeddable":true,"href":"https:\/\/www.minicity.it\/blog\/wp-json\/wp\/v2\/tags?post=2426"}],"curies":[{"name":"wp","href":"https:\/\/api.w.org\/{rel}","templated":true}]}}