{"id":2430,"date":"2011-11-08T11:48:43","date_gmt":"2011-11-08T11:48:43","guid":{"rendered":"https:\/\/www.minicity.it\/blog\/?p=2430"},"modified":"2011-11-08T11:48:43","modified_gmt":"2011-11-08T11:48:43","slug":"komikazen-torna-a-ravenna","status":"publish","type":"post","link":"https:\/\/www.minicity.it\/blog\/2011\/11\/komikazen-torna-a-ravenna\/","title":{"rendered":"Komikazen torna a Ravenna"},"content":{"rendered":"<p><strong><a href=\"https:\/\/www.minicity.it\/blog\/wp-content\/uploads\/2011\/11\/Komikazenravenna2011.jpg\"><img loading=\"lazy\" decoding=\"async\" class=\"alignleft size-full wp-image-2431\" title=\"Komikazenravenna2011\" src=\"https:\/\/www.minicity.it\/blog\/wp-content\/uploads\/2011\/11\/Komikazenravenna2011.jpg\" alt=\"\" width=\"200\" height=\"134\" \/><\/a>Dal 9 al 13 novembre<\/strong> a <strong>Ravenna si terr\u00e0 Komikazen<\/strong>, il Festival internazionale del <strong>Fumetto di Realt\u00e0<\/strong>. Si tratta ormai della settima edizione di un festival che ha fatto di Ravenna una citt\u00e0 dal respiro internazionale.<\/p>\n<p>L&#8217;edizione di quest&#8217;anno<!--more--> si concentrer\u00e0 specialmente sui fumetti in arrivo dal mondo arabo e mediorientale, con un focus sulla Primavera araba, il movimento di rivolta che dal dicembre 2010 ha rovesciato diversi regimi e provocato rivolte, dalla Siria alla Tunisia, dal Marocco all&#8217;Egitto.<\/p>\n<p><strong>Komikazen<\/strong> quest&#8217;anno inizier\u00e0 a Bologna dove il 9 novembre sar\u00e0 presente il famoso fumettista americano Seth Tobocman; sempre a Bologna, il 10 novembre, verr\u00e0 presentato \u201cZahra&#8217;s Paradise\u201d, di Amir e Khalil, due iraniani che, per ovvie ragioni, non possono svelare i loro veri nomi. \u201cZahra&#8217;s Paradise\u201d racconta le peripezie di un oppositore al regime di Teheran.<\/p>\n<p>Nei giorni successivi ci si sposta a Ravenna, al Mar (il Museo d&#8217;arte della citt\u00e0): qui si svolgeranno tutte le altre presentazioni del festival. Tra i nomi da citare ricordiamo l&#8217;egiziano Magdy El Shafee, che con il suo \u201cMetro\u201d da un punto di vista nuovo su quello che succede nel suo paese, oppure, sempre sull&#8217;Egitto, ci saranno Mohamed Fahmy, noto come Ganzeer e l&#8217;italiano Pino Creanza, che presenter\u00e0 il suo \u201cCairo Blues\u201d. Dalla Francia, invece, arriver\u00e0 Morvandiau che presenta alcuni lavori tratti dalla sua opera, \u201cD&#8217;Alg\u00e9rie\u201d, mentre dalla Jugoslavia arriver\u00e0 Helena Klako\u010dar che presenta \u201cMare inquieto\u201d, lavoro sulla sua patria, la Croazia.<\/p>\n<p>Komikazen \u00e8 realizzato con il lavoro dell&#8217;associazione culturale Miranda e con il sostegno della citt\u00e0 di Ravenna e del Mar. Per maggiori informazioni contattare Miranda allo 0544 217359 o scrivere una mail a info@mirada.it. Per leggere il programma completo del festival visitare il sito: www.komikazenfestival.org.<\/p>\n","protected":false},"excerpt":{"rendered":"<p>Dal 9 al 13 novembre a Ravenna si terr&agrave; Komikazen, il Festival internazionale del Fumetto di Realt&agrave;. Si tratta ormai della settima edizione di un festival che ha fatto di Ravenna una citt&agrave; dal respiro internazionale. L&rsquo;edizione di quest&rsquo;anno<\/p>\n","protected":false},"author":6,"featured_media":0,"comment_status":"open","ping_status":"open","sticky":false,"template":"","format":"standard","meta":{"footnotes":""},"categories":[3],"tags":[33,55],"class_list":["post-2430","post","type-post","status-publish","format-standard","hentry","category-turismo","tag-eventi-riviera","tag-notizie-cultura"],"aioseo_notices":[],"_links":{"self":[{"href":"https:\/\/www.minicity.it\/blog\/wp-json\/wp\/v2\/posts\/2430","targetHints":{"allow":["GET"]}}],"collection":[{"href":"https:\/\/www.minicity.it\/blog\/wp-json\/wp\/v2\/posts"}],"about":[{"href":"https:\/\/www.minicity.it\/blog\/wp-json\/wp\/v2\/types\/post"}],"author":[{"embeddable":true,"href":"https:\/\/www.minicity.it\/blog\/wp-json\/wp\/v2\/users\/6"}],"replies":[{"embeddable":true,"href":"https:\/\/www.minicity.it\/blog\/wp-json\/wp\/v2\/comments?post=2430"}],"version-history":[{"count":0,"href":"https:\/\/www.minicity.it\/blog\/wp-json\/wp\/v2\/posts\/2430\/revisions"}],"wp:attachment":[{"href":"https:\/\/www.minicity.it\/blog\/wp-json\/wp\/v2\/media?parent=2430"}],"wp:term":[{"taxonomy":"category","embeddable":true,"href":"https:\/\/www.minicity.it\/blog\/wp-json\/wp\/v2\/categories?post=2430"},{"taxonomy":"post_tag","embeddable":true,"href":"https:\/\/www.minicity.it\/blog\/wp-json\/wp\/v2\/tags?post=2430"}],"curies":[{"name":"wp","href":"https:\/\/api.w.org\/{rel}","templated":true}]}}