{"id":2441,"date":"2011-11-10T08:19:40","date_gmt":"2011-11-10T08:19:40","guid":{"rendered":"https:\/\/www.minicity.it\/blog\/?p=2441"},"modified":"2011-11-10T08:19:40","modified_gmt":"2011-11-10T08:19:40","slug":"federalberghi-cervia-no-alla-tassa-di-soggiorno","status":"publish","type":"post","link":"https:\/\/www.minicity.it\/blog\/2011\/11\/federalberghi-cervia-no-alla-tassa-di-soggiorno\/","title":{"rendered":"Federalberghi Cervia: &#8220;no alla tassa di soggiorno&#8221;"},"content":{"rendered":"<p><a href=\"https:\/\/www.minicity.it\/blog\/wp-content\/uploads\/2011\/09\/tassa-soggiorno.jpg\"><img loading=\"lazy\" decoding=\"async\" class=\"alignleft size-full wp-image-1729\" title=\"tassa-soggiorno\" src=\"https:\/\/www.minicity.it\/blog\/wp-content\/uploads\/2011\/09\/tassa-soggiorno.jpg\" alt=\"\" width=\"200\" height=\"132\" \/><\/a>Continua a far parlare di se la tassa di soggiorno e questa volta \u00e8 <strong>Ascom Federalberghi di Cervia<\/strong>&#8230;<\/p>\n<p><strong>CERVIA.<\/strong> Dopo Bellaria anche Federalberghi Cervia si schiera contro la <strong>tassa di soggiorno<\/strong> preoccupandosi della posizione favorevole del comune ad applicare tale tassa. Secondo<!--more--> Federalberghi la tassa porter\u00e0 solo uno svantaggio per le attivit\u00e0 turistiche locali, perch\u00e8 la riviera essendo una localit\u00e0 dove punta a soggiorni prolungati non pu\u00f2 permettersi di applicare la tassa di soggiorno come pu\u00f2 avvenire tranquillamente in citt\u00e0 d&#8217;arte&#8230;<\/p>\n<p>Come \u00e8 successo per le localit\u00e0 limitrofe a Cervia, Federalberghi chiede anche al sindaco della citt\u00e0 di prendere la stessa posizione sfavorevole su questa tassa come \u00e8 successo per Bellaria, Cesenatico e Gatteo. Prendere la stessa posizione delle localit\u00e0 limitrofe potr\u00e0 solo giovare per poter offrire una concorrenza pulita, perch\u00e8 se si dovesse applicare la tassa di soggiorno a macchia di leopardo sarebbe un problema.<\/p>\n<p>Per protestare contro la tassa di soggiorno, Federalberghi invita le associazioni di categoria a partecipare alla manifestazione che si terr\u00e0 luned\u00ec 14 Novembre alle ore 17:00 in piazza Giacomo Matteotti a Riccione.<\/p>\n<p><strong>Maggiori informazioni<\/strong>: 0544 913916<\/p>\n","protected":false},"excerpt":{"rendered":"<p>Continua a far parlare di se la tassa di soggiorno e questa volta &egrave; Ascom Federalberghi di Cervia&hellip; CERVIA. Dopo Bellaria anche Federalberghi Cervia si schiera contro la tassa di soggiorno preoccupandosi della posizione favorevole del comune ad applicare tale tassa. Secondo<\/p>\n","protected":false},"author":1,"featured_media":0,"comment_status":"open","ping_status":"open","sticky":false,"template":"","format":"standard","meta":{"footnotes":""},"categories":[3],"tags":[20,33,5],"class_list":["post-2441","post","type-post","status-publish","format-standard","hentry","category-turismo","tag-cervia","tag-eventi-riviera","tag-notizie"],"aioseo_notices":[],"_links":{"self":[{"href":"https:\/\/www.minicity.it\/blog\/wp-json\/wp\/v2\/posts\/2441","targetHints":{"allow":["GET"]}}],"collection":[{"href":"https:\/\/www.minicity.it\/blog\/wp-json\/wp\/v2\/posts"}],"about":[{"href":"https:\/\/www.minicity.it\/blog\/wp-json\/wp\/v2\/types\/post"}],"author":[{"embeddable":true,"href":"https:\/\/www.minicity.it\/blog\/wp-json\/wp\/v2\/users\/1"}],"replies":[{"embeddable":true,"href":"https:\/\/www.minicity.it\/blog\/wp-json\/wp\/v2\/comments?post=2441"}],"version-history":[{"count":0,"href":"https:\/\/www.minicity.it\/blog\/wp-json\/wp\/v2\/posts\/2441\/revisions"}],"wp:attachment":[{"href":"https:\/\/www.minicity.it\/blog\/wp-json\/wp\/v2\/media?parent=2441"}],"wp:term":[{"taxonomy":"category","embeddable":true,"href":"https:\/\/www.minicity.it\/blog\/wp-json\/wp\/v2\/categories?post=2441"},{"taxonomy":"post_tag","embeddable":true,"href":"https:\/\/www.minicity.it\/blog\/wp-json\/wp\/v2\/tags?post=2441"}],"curies":[{"name":"wp","href":"https:\/\/api.w.org\/{rel}","templated":true}]}}