{"id":2455,"date":"2011-11-09T13:12:15","date_gmt":"2011-11-09T13:12:15","guid":{"rendered":"https:\/\/www.minicity.it\/blog\/?p=2455"},"modified":"2011-11-09T13:12:15","modified_gmt":"2011-11-09T13:12:15","slug":"secondo-semestre-2011-torna-a-crescere-il-turismo","status":"publish","type":"post","link":"https:\/\/www.minicity.it\/blog\/2011\/11\/secondo-semestre-2011-torna-a-crescere-il-turismo\/","title":{"rendered":"Secondo semestre 2011: torna a crescere il turismo"},"content":{"rendered":"<p><a href=\"https:\/\/www.minicity.it\/blog\/wp-content\/uploads\/2011\/10\/economiaturismo.jpg\"><img loading=\"lazy\" decoding=\"async\" class=\"alignleft size-full wp-image-1982\" title=\"economiaturismo\" src=\"https:\/\/www.minicity.it\/blog\/wp-content\/uploads\/2011\/10\/economiaturismo.jpg\" alt=\"\" width=\"200\" height=\"133\" \/><\/a>Secondo un&#8217;indagine dell&#8217;<strong>Osservatorio Nazionale del Turismo<\/strong>, redatta sulla base dei dati prodotti da Unioncamere-Isnart il mese di ottobre \u00e8 stato positivo per il turismo e segna una situazione stabile rispetto al primo semestre del 2011, per\u00f2 con un<strong> leggero segno di aumento<\/strong>. Gi\u00e0 dal <!--more-->mese di giugno, infatti, nelle strutture ricettive italiane sono state rilevate il 50,4% di camere occupate, con un aumento, rispetto allo stesso periodo del 2010, del 2,9%.<\/p>\n<p>Ancora migliore, secondo i dati dell&#8217;osservatorio, la situazione a luglio e agosto: durante questi due mesi c&#8217;\u00e8 stato un tasso di occupazione del 69% (rispettivamente il 63,6% a luglio e il 74,4% ad agosto) con un aumento, rispetto al 2010, del 4,5%.<\/p>\n<p>Ad andare bene quest\u2019anno non sono stati tanto gli alberghi, quanto piuttosto i campeggi e i villaggi turistici: qui infatti il tasso di occupazione sale fino al 70%. Tra gli alberghi, invece, ad andare bene sono stati quelli di categoria alta. Come a dire che la crisi non la sentono i ricchi.<\/p>\n<p><strong>Quali sono le regioni<\/strong> che hanno venduto pi\u00f9 camere? Quelle del Nord e del Centro, dove la crescita registrata, rispetto al 2010, \u00e8 stata del 10%. Sono andate molto bene le localit\u00e0 sui laghi, seguite da quelle balneari, soprattutto ad agosto. Si registra una lieve diminuzione, invece, per le localit\u00e0 termali.<\/p>\n<p>Date queste premesse si prevede un ottobre stabile, con un aumento del 1%, ma con una leggera flessione per novembre (meno 1,7%) e dicembre (meno 3,5%). Questi dati saranno poi da confermare a fine anno.<\/p>\n","protected":false},"excerpt":{"rendered":"<p>Secondo un&rsquo;indagine dell&rsquo;Osservatorio Nazionale del Turismo, redatta sulla base dei dati prodotti da Unioncamere-Isnart il mese di ottobre &egrave; stato positivo per il turismo e segna una situazione stabile rispetto al primo semestre del 2011, per&ograve; con un leggero segno di aumento. Gi&agrave; dal<\/p>\n","protected":false},"author":7,"featured_media":0,"comment_status":"open","ping_status":"open","sticky":false,"template":"","format":"standard","meta":{"footnotes":""},"categories":[3],"tags":[44],"class_list":["post-2455","post","type-post","status-publish","format-standard","hentry","category-turismo","tag-statistiche"],"aioseo_notices":[],"_links":{"self":[{"href":"https:\/\/www.minicity.it\/blog\/wp-json\/wp\/v2\/posts\/2455","targetHints":{"allow":["GET"]}}],"collection":[{"href":"https:\/\/www.minicity.it\/blog\/wp-json\/wp\/v2\/posts"}],"about":[{"href":"https:\/\/www.minicity.it\/blog\/wp-json\/wp\/v2\/types\/post"}],"author":[{"embeddable":true,"href":"https:\/\/www.minicity.it\/blog\/wp-json\/wp\/v2\/users\/7"}],"replies":[{"embeddable":true,"href":"https:\/\/www.minicity.it\/blog\/wp-json\/wp\/v2\/comments?post=2455"}],"version-history":[{"count":0,"href":"https:\/\/www.minicity.it\/blog\/wp-json\/wp\/v2\/posts\/2455\/revisions"}],"wp:attachment":[{"href":"https:\/\/www.minicity.it\/blog\/wp-json\/wp\/v2\/media?parent=2455"}],"wp:term":[{"taxonomy":"category","embeddable":true,"href":"https:\/\/www.minicity.it\/blog\/wp-json\/wp\/v2\/categories?post=2455"},{"taxonomy":"post_tag","embeddable":true,"href":"https:\/\/www.minicity.it\/blog\/wp-json\/wp\/v2\/tags?post=2455"}],"curies":[{"name":"wp","href":"https:\/\/api.w.org\/{rel}","templated":true}]}}