{"id":2472,"date":"2011-11-10T09:44:14","date_gmt":"2011-11-10T09:44:14","guid":{"rendered":"https:\/\/www.minicity.it\/blog\/?p=2472"},"modified":"2011-11-10T09:44:14","modified_gmt":"2011-11-10T09:44:14","slug":"assegnato-il-premio-della-fondazione-fellini","status":"publish","type":"post","link":"https:\/\/www.minicity.it\/blog\/2011\/11\/assegnato-il-premio-della-fondazione-fellini\/","title":{"rendered":"Assegnato il premio della Fondazione Fellini"},"content":{"rendered":"<p><a href=\"https:\/\/www.minicity.it\/blog\/wp-content\/uploads\/2011\/11\/premiofondazionefellini.jpg\"><img loading=\"lazy\" decoding=\"async\" class=\"alignleft size-full wp-image-2474\" title=\"premiofondazionefellini\" src=\"https:\/\/www.minicity.it\/blog\/wp-content\/uploads\/2011\/11\/premiofondazionefellini.jpg\" alt=\"\" width=\"200\" height=\"207\" \/><\/a>Anche quest&#8217;anno \u00e8 stato deciso a chi verr\u00e0 assegnato il <strong>Premio della Fondazione Fellini<\/strong>, la cui cerimonia ufficiale si terr\u00e0 a <strong>Rimini il prossimo 19 novembre<\/strong>. Si tratta, quest&#8217;anno, del regista americano, ma ormai inglese, da quando nel 2006 ha rinunciato alla cittadinanza Usa, Terry Gilliam (che ha anche una casa a Perugia).<\/p>\n<p>Negli anni scorsi il Premio della Fondazione<!--more--> Fellini \u00e8 stato assegnato a Martin Scorsese, Roman Polanski, Ermanno Olmi e Sidney Lumet.<\/p>\n<p>Terry Gilliam \u00e8 noto per i suoi lavori tra il visionario e l&#8217;onirico, in pieno stile felliniano, e per la sua libert\u00e0 e stravaganza: \u00e8 tra i fondatori dei Monty Python e ha diretto opere d&#8217;arte come \u201cBrazil\u201d. \u201cLe avventure del Barone di M\u00fcnchausen\u201d, \u201cLa leggenda del re pescatore\u201d e \u201cL&#8217;esercito delle 12 scimmie\u201d.<\/p>\n<p><strong>In occasione del Premio Fellini a Rimini<\/strong> si festegger\u00e0 per quattro giorni il cinema: dal 17 al 20 novembre prossimi infatti si terranno mostre e spettacoli a tema. Da non perdere la mostra \u201cTerry e Federico: una stretta di mani\u201d che si terr\u00e0 alla Galleria Fabjbasaglia dove verranno esposti disegni di Federico Fellini e Terry Gilliam, per mettere in luce i parallelismi tra i due registi. Durante questa tre giorni in diverse sale della citt\u00e0 verranno proiettati i grandi capolavori e le opere pi\u00f9 sconosciute di Gilliam e presentato il libro \u201cFellinerie, raccolta di 8 saggi e \u00bd\u201d, a cura di Paolo Fabbri.<\/p>\n<p>La Fondazione Fellini \u00e8 un istituto nato nel 1995 da un&#8217;idea della sorella di Federico Fellini, Maddalena, con il sostegno del Comune di Rimini. Il presidente \u00e8 Pier Luigi Celli e il direttore \u00e8 Paolo Fabbri. La Fondazione Fellini ha come mission quella di svolgere iniziative che celebrino l&#8217;opera del grande registra riminese, rendano possibile lo studio dei suoi film e dei suoi scritti, delle sue foto e dei suoi disegni.<\/p>\n","protected":false},"excerpt":{"rendered":"<p>Anche quest&rsquo;anno &egrave; stato deciso a chi verr&agrave; assegnato il Premio della Fondazione Fellini, la cui cerimonia ufficiale si terr&agrave; a Rimini il prossimo 19 novembre. Si tratta, quest&rsquo;anno, del regista americano, ma ormai inglese, da quando nel 2006 ha rinunciato alla cittadinanza Usa, Terry Gilliam (che ha anche una casa a Perugia). Negli anni &#8230;<a class=\"post-readmore\" href=\"https:\/\/www.minicity.it\/blog\/2011\/11\/assegnato-il-premio-della-fondazione-fellini\/\">read more<\/a><\/p>\n","protected":false},"author":7,"featured_media":0,"comment_status":"open","ping_status":"open","sticky":false,"template":"","format":"standard","meta":{"footnotes":""},"categories":[3],"tags":[33,10],"class_list":["post-2472","post","type-post","status-publish","format-standard","hentry","category-turismo","tag-eventi-riviera","tag-rimini"],"aioseo_notices":[],"_links":{"self":[{"href":"https:\/\/www.minicity.it\/blog\/wp-json\/wp\/v2\/posts\/2472","targetHints":{"allow":["GET"]}}],"collection":[{"href":"https:\/\/www.minicity.it\/blog\/wp-json\/wp\/v2\/posts"}],"about":[{"href":"https:\/\/www.minicity.it\/blog\/wp-json\/wp\/v2\/types\/post"}],"author":[{"embeddable":true,"href":"https:\/\/www.minicity.it\/blog\/wp-json\/wp\/v2\/users\/7"}],"replies":[{"embeddable":true,"href":"https:\/\/www.minicity.it\/blog\/wp-json\/wp\/v2\/comments?post=2472"}],"version-history":[{"count":0,"href":"https:\/\/www.minicity.it\/blog\/wp-json\/wp\/v2\/posts\/2472\/revisions"}],"wp:attachment":[{"href":"https:\/\/www.minicity.it\/blog\/wp-json\/wp\/v2\/media?parent=2472"}],"wp:term":[{"taxonomy":"category","embeddable":true,"href":"https:\/\/www.minicity.it\/blog\/wp-json\/wp\/v2\/categories?post=2472"},{"taxonomy":"post_tag","embeddable":true,"href":"https:\/\/www.minicity.it\/blog\/wp-json\/wp\/v2\/tags?post=2472"}],"curies":[{"name":"wp","href":"https:\/\/api.w.org\/{rel}","templated":true}]}}