{"id":2499,"date":"2011-11-14T09:52:07","date_gmt":"2011-11-14T09:52:07","guid":{"rendered":"https:\/\/www.minicity.it\/blog\/?p=2499"},"modified":"2011-11-14T09:52:07","modified_gmt":"2011-11-14T09:52:07","slug":"tre-allegri-ragazzi-morti-in-fumetto","status":"publish","type":"post","link":"https:\/\/www.minicity.it\/blog\/2011\/11\/tre-allegri-ragazzi-morti-in-fumetto\/","title":{"rendered":"Tre Allegri Ragazzi morti in fumetto"},"content":{"rendered":"<p><strong>Marted\u00ec 16 novembre<\/strong> a <strong>Forl\u00ec<\/strong> verr\u00e0 presentato un volume che mette insieme tutte le storie a fumetti che hanno dato il via alla leggenda dei <strong>\u201cTre Allegri Ragazzi morti\u201d<\/strong>. Il libro \u00e8 un&#8217;iniziativa di <!--more-->Davide Toffolo (che \u00e8 anche parte del gruppo) e nel quale riunisce, appunto, tutto quello che dal 2008 ad oggi \u00e8 stato scritto, o meglio, disegnato sulla band e sul suo immaginario.<\/p>\n<p>Ma qual \u00e8 la storia dei \u201cTre Allegri Ragazzi morti\u201d? La storia racconta le vicende di cinque adolescenti zombie, Gianny Boy, Vasco, Sumo, Sleepy e Mario, che non possono, appunto, n\u00e9 crescere n\u00e9 morire, dopo che una strega ha fatto loro una maledizione. Si tratta di una metafora dell&#8217;adolescenza come momento terribile e, in qualche modo, eterno.<\/p>\n<p>Il fumetto sar\u00e0 presentato al Moquette Bar, in collaborazione con la Libreria Regnoli 12 di Forl\u00ec. L&#8217;<strong>ingresso \u00e8 gratuito<\/strong>.<\/p>\n","protected":false},"excerpt":{"rendered":"<p>Marted&igrave; 16 novembre a Forl&igrave; verr&agrave; presentato un volume che mette insieme tutte le storie a fumetti che hanno dato il via alla leggenda dei &ldquo;Tre Allegri Ragazzi morti&rdquo;. Il libro &egrave; un&rsquo;iniziativa di<\/p>\n","protected":false},"author":1,"featured_media":0,"comment_status":"open","ping_status":"open","sticky":false,"template":"","format":"standard","meta":{"footnotes":""},"categories":[3],"tags":[33,24],"class_list":["post-2499","post","type-post","status-publish","format-standard","hentry","category-turismo","tag-eventi-riviera","tag-forli-cesena"],"aioseo_notices":[],"_links":{"self":[{"href":"https:\/\/www.minicity.it\/blog\/wp-json\/wp\/v2\/posts\/2499","targetHints":{"allow":["GET"]}}],"collection":[{"href":"https:\/\/www.minicity.it\/blog\/wp-json\/wp\/v2\/posts"}],"about":[{"href":"https:\/\/www.minicity.it\/blog\/wp-json\/wp\/v2\/types\/post"}],"author":[{"embeddable":true,"href":"https:\/\/www.minicity.it\/blog\/wp-json\/wp\/v2\/users\/1"}],"replies":[{"embeddable":true,"href":"https:\/\/www.minicity.it\/blog\/wp-json\/wp\/v2\/comments?post=2499"}],"version-history":[{"count":0,"href":"https:\/\/www.minicity.it\/blog\/wp-json\/wp\/v2\/posts\/2499\/revisions"}],"wp:attachment":[{"href":"https:\/\/www.minicity.it\/blog\/wp-json\/wp\/v2\/media?parent=2499"}],"wp:term":[{"taxonomy":"category","embeddable":true,"href":"https:\/\/www.minicity.it\/blog\/wp-json\/wp\/v2\/categories?post=2499"},{"taxonomy":"post_tag","embeddable":true,"href":"https:\/\/www.minicity.it\/blog\/wp-json\/wp\/v2\/tags?post=2499"}],"curies":[{"name":"wp","href":"https:\/\/api.w.org\/{rel}","templated":true}]}}