{"id":2502,"date":"2011-11-14T09:55:44","date_gmt":"2011-11-14T09:55:44","guid":{"rendered":"https:\/\/www.minicity.it\/blog\/?p=2502"},"modified":"2012-09-13T14:55:46","modified_gmt":"2012-09-13T14:55:46","slug":"%e2%80%9cwinterimini-hotel%e2%80%9d-rimini-si-apre-alla-stagione-invernale","status":"publish","type":"post","link":"https:\/\/www.minicity.it\/blog\/2011\/11\/%e2%80%9cwinterimini-hotel%e2%80%9d-rimini-si-apre-alla-stagione-invernale\/","title":{"rendered":"\u201cWinteRimini Hotel\u201d: Rimini si apre alla stagione invernale"},"content":{"rendered":"<p><a href=\"https:\/\/www.minicity.it\/blog\/wp-content\/uploads\/2011\/10\/grandhotelriccione.jpg\"><img loading=\"lazy\" decoding=\"async\" class=\"alignleft size-full wp-image-2073\" title=\"grandhotelriccione\" src=\"https:\/\/www.minicity.it\/blog\/wp-content\/uploads\/2011\/10\/grandhotelriccione.jpg\" alt=\"\" width=\"200\" height=\"133\" \/><\/a>Gioved\u00ec scorso si \u00e8 tenuto a Rimini un incontro promosso dall&#8217;assessorato al Turismo del Comune e organizzato dalla societ\u00e0 \u201cRimini Reservation\u201d. L&#8217;incontro aveva lo scopo di presentare agli operatori e al pubblico un nuovo prodotto, \u201cWinteRimini Hotel\u201d, un marchio sotto il quale verranno promossi<!--more--> gli <a href=\"https:\/\/www.minicity.it\/hotel-rimini.html\" target=\"_blank\">hotel di Rimini <\/a>nel periodo invernale, con particolare riferimento ai mesi di dicembre e gennaio.<\/p>\n<p>All&#8217;incontro di gioved\u00ec erano presenti: Eugenio Angelino, Direttore di Rimini Reservation, Patrizia Rinaldis, Presidente dell&#8217;Associazione Albergatori di Rimini e Pietro Leoni, dirigente dell\u2019Assessorato al Turismo di Rimini. A loro si sono uniti oltre 150 albergatori della citt\u00e0 e della provincia, che sono sembrati molti interessati alla nuova proposta: subito dopo l&#8217;incontro 30 albergatori hanno dato la loro adesione al progetto.<\/p>\n<p>L&#8217;obiettivo \u00e8 quello di raccogliere cento adesioni di hotel di Rimini che di solito sono aperti durante il periodo invernale e le festivit\u00e0. Anche molte strutture ricettive che di solito chiudono durante i mesi invernali si sono dette interessate alla proposta di \u201cRimini Reservation\u201d.<\/p>\n<p>\u201cWinteRimini Hotel\u201d fa parte del piano della provincia di Rimini di de-stagionalizzare il pi\u00f9 possibile il turismo in citt\u00e0 e provincia, staccando l&#8217;immagine della citt\u00e0 dal mare e dalle spiagge e puntando di pi\u00f9 sugli eventi culturali e in, maniera particolare, fieristici (grazie soprattutto al nuovo Palacongressi della citt\u00e0, recentemente inaugurato). \u201cWinteRimini Hotel\u201d punter\u00e0 sull&#8217;offerta di pacchetti turistici legati ad eventi musicali, teatrali e, in generale, culturali.<\/p>\n<p>\u201cRimini Reservation\u201d \u00e8, invece, una societ\u00e0 di servizi pubblico-privata che si occupa di promozione turistica e comunicazione sul territorio.<\/p>\n","protected":false},"excerpt":{"rendered":"<p>Gioved&igrave; scorso si &egrave; tenuto a Rimini un incontro promosso dall&rsquo;assessorato al Turismo del Comune e organizzato dalla societ&agrave; &ldquo;Rimini Reservation&rdquo;. L&rsquo;incontro aveva lo scopo di presentare agli operatori e al pubblico un nuovo prodotto, &ldquo;WinteRimini Hotel&rdquo;, un marchio sotto il quale verranno promossi<\/p>\n","protected":false},"author":1,"featured_media":0,"comment_status":"open","ping_status":"open","sticky":false,"template":"","format":"standard","meta":{"footnotes":""},"categories":[3],"tags":[10,30],"class_list":["post-2502","post","type-post","status-publish","format-standard","hentry","category-turismo","tag-rimini","tag-servizi-hotel"],"aioseo_notices":[],"_links":{"self":[{"href":"https:\/\/www.minicity.it\/blog\/wp-json\/wp\/v2\/posts\/2502","targetHints":{"allow":["GET"]}}],"collection":[{"href":"https:\/\/www.minicity.it\/blog\/wp-json\/wp\/v2\/posts"}],"about":[{"href":"https:\/\/www.minicity.it\/blog\/wp-json\/wp\/v2\/types\/post"}],"author":[{"embeddable":true,"href":"https:\/\/www.minicity.it\/blog\/wp-json\/wp\/v2\/users\/1"}],"replies":[{"embeddable":true,"href":"https:\/\/www.minicity.it\/blog\/wp-json\/wp\/v2\/comments?post=2502"}],"version-history":[{"count":0,"href":"https:\/\/www.minicity.it\/blog\/wp-json\/wp\/v2\/posts\/2502\/revisions"}],"wp:attachment":[{"href":"https:\/\/www.minicity.it\/blog\/wp-json\/wp\/v2\/media?parent=2502"}],"wp:term":[{"taxonomy":"category","embeddable":true,"href":"https:\/\/www.minicity.it\/blog\/wp-json\/wp\/v2\/categories?post=2502"},{"taxonomy":"post_tag","embeddable":true,"href":"https:\/\/www.minicity.it\/blog\/wp-json\/wp\/v2\/tags?post=2502"}],"curies":[{"name":"wp","href":"https:\/\/api.w.org\/{rel}","templated":true}]}}