{"id":2512,"date":"2011-11-15T10:17:01","date_gmt":"2011-11-15T10:17:01","guid":{"rendered":"https:\/\/www.minicity.it\/blog\/?p=2512"},"modified":"2011-11-15T10:17:01","modified_gmt":"2011-11-15T10:17:01","slug":"confcommercio-pesaro-no-alla-tassa-di-soggiorno","status":"publish","type":"post","link":"https:\/\/www.minicity.it\/blog\/2011\/11\/confcommercio-pesaro-no-alla-tassa-di-soggiorno\/","title":{"rendered":"Confcommercio Pesaro: \u201cno\u201d alla tassa di soggiorno"},"content":{"rendered":"<p><a href=\"https:\/\/www.minicity.it\/blog\/wp-content\/uploads\/2011\/09\/tassa-soggiorno.jpg\"><img loading=\"lazy\" decoding=\"async\" class=\"alignleft size-full wp-image-1729\" title=\"tassa-soggiorno\" src=\"https:\/\/www.minicity.it\/blog\/wp-content\/uploads\/2011\/09\/tassa-soggiorno.jpg\" alt=\"\" width=\"200\" height=\"132\" \/><\/a>In un&#8217;intervista rilasciata alla versione locale del quotidiano Il Resto del Carlino, Amerigo Varotti, direttore provinciale della Confcommercio della provincia di <strong>Pesaro e Urbino<\/strong> spiega perch\u00e9 l&#8217;associazione di categoria \u00e8 contraria alla<strong> tassa di soggiorno<\/strong>.<!--more--><\/p>\n<p>Secondo Amerigo Varotti si tratta di un balzello che, come dicono in molti, fa molto \u201cgola all&#8217;amministrazione comunale\u201d. Varotti la ritiene una tassa inopportuna perch\u00e9, spiega, \u00e8 come dire: \u201cVieni in vacanza a Pesaro? Io ti punisco\u201d. A questo si aggiunge il fatto che la sua applicazione a partire dal 2012 creerebbe non pochi problemi agli esercenti del turismo: i pacchetti turistici sono gi\u00e0 pronti e se si facesse una cosa del genere subito i soli a pagare sarebbero i proprietari (o gestori) delle strutture ricettive: gli albergatori o i gestori dei campeggi.<\/p>\n<p>Da parte della provincia si assicura che il denaro cos\u00ec raccolto andr\u00e0 a finanziare opere legate al turismo, anche se ad oggi nessun documento ufficiale \u00e8 stato firmato.<\/p>\n<p>Ricordiamo che la tassa di soggiorno \u00e8 un&#8217;imposta la cui applicazione, facoltativa, \u00e8 stata decisa nel marzo scorso con il Decreto sul Federalismo fiscale municipale varato dal Governo e permette alle amministrazioni di applicare un&#8217;imposta sulle prenotazioni alberghiere da uno a cinque euro a persona.<\/p>\n<p>Varotti, inoltre, non manca di polemizzare con Rimini che, favorevole alla tassa di soggiorno, chiede che l&#8217;applicazione sia omogenea: secondo il direttore della Confcommercio la citt\u00e0 romagnola ha sempre fatto le sue scelte in maniera autonoma, anche a scapito della provincia di Pesaro e Urbino e ora non pu\u00f2 pretendere il contrario.<\/p>\n","protected":false},"excerpt":{"rendered":"<p>In un&rsquo;intervista rilasciata alla versione locale del quotidiano Il Resto del Carlino, Amerigo Varotti, direttore provinciale della Confcommercio della provincia di Pesaro e Urbino spiega perch&eacute; l&rsquo;associazione di categoria &egrave; contraria alla tassa di soggiorno.<\/p>\n","protected":false},"author":7,"featured_media":0,"comment_status":"open","ping_status":"open","sticky":false,"template":"","format":"standard","meta":{"footnotes":""},"categories":[3],"tags":[32,5],"class_list":["post-2512","post","type-post","status-publish","format-standard","hentry","category-turismo","tag-marche","tag-notizie"],"aioseo_notices":[],"_links":{"self":[{"href":"https:\/\/www.minicity.it\/blog\/wp-json\/wp\/v2\/posts\/2512","targetHints":{"allow":["GET"]}}],"collection":[{"href":"https:\/\/www.minicity.it\/blog\/wp-json\/wp\/v2\/posts"}],"about":[{"href":"https:\/\/www.minicity.it\/blog\/wp-json\/wp\/v2\/types\/post"}],"author":[{"embeddable":true,"href":"https:\/\/www.minicity.it\/blog\/wp-json\/wp\/v2\/users\/7"}],"replies":[{"embeddable":true,"href":"https:\/\/www.minicity.it\/blog\/wp-json\/wp\/v2\/comments?post=2512"}],"version-history":[{"count":0,"href":"https:\/\/www.minicity.it\/blog\/wp-json\/wp\/v2\/posts\/2512\/revisions"}],"wp:attachment":[{"href":"https:\/\/www.minicity.it\/blog\/wp-json\/wp\/v2\/media?parent=2512"}],"wp:term":[{"taxonomy":"category","embeddable":true,"href":"https:\/\/www.minicity.it\/blog\/wp-json\/wp\/v2\/categories?post=2512"},{"taxonomy":"post_tag","embeddable":true,"href":"https:\/\/www.minicity.it\/blog\/wp-json\/wp\/v2\/tags?post=2512"}],"curies":[{"name":"wp","href":"https:\/\/api.w.org\/{rel}","templated":true}]}}