{"id":2543,"date":"2011-11-16T10:41:14","date_gmt":"2011-11-16T10:41:14","guid":{"rendered":"https:\/\/www.minicity.it\/blog\/?p=2543"},"modified":"2011-11-16T10:41:14","modified_gmt":"2011-11-16T10:41:14","slug":"il-rubicone-patrimonio-dellunesco","status":"publish","type":"post","link":"https:\/\/www.minicity.it\/blog\/2011\/11\/il-rubicone-patrimonio-dellunesco\/","title":{"rendered":"Il Rubicone patrimonio dell&#8217;Unesco?"},"content":{"rendered":"<p><a href=\"https:\/\/www.minicity.it\/blog\/wp-content\/uploads\/2011\/11\/rubiconepatrimoniounesco.jpg\"><img loading=\"lazy\" decoding=\"async\" class=\"alignleft size-full wp-image-2544\" title=\"rubiconepatrimoniounesco\" src=\"https:\/\/www.minicity.it\/blog\/wp-content\/uploads\/2011\/11\/rubiconepatrimoniounesco.jpg\" alt=\"\" width=\"200\" height=\"149\" \/><\/a>A inizio novembre \u00e8 uscito un libro \u201cIl Rubicone. Dal Rubicone al Pisciatello, storia antica nuova immaginaria del famoso fiume romagnolo dimenticato ritrovato contestato trascurato\u201d (ed. Walmar) di Marco Faedi, un 76 nativo di Longiano (Cesena) ma che vive ormai da 40 anni a Brescia che \u00e8 stato presentato <!--more-->venerd\u00ec scorso a Savignano sul Rubicone.<\/p>\n<p>La presentazione del testo \u00e8 stata un&#8217;occasione per aprire un&#8217;antica querelle storica che riguarda proprio il fiume che Giulio Cesare ha attraversato nel 49 a.C. e dove avrebbe pronunciato la storica frase \u201calea iacta est\u201d, ovvero, &#8220;il dado \u00e8 tratto&#8221;. Secondo Marco Faedi, infatti, l&#8217;amministrazione di Savignano sul Rubicone \u00e8 \u201ccolpevole\u201d di non aver mai fatto nulla a livello ufficiale per valorizzare un fiume che, invece, \u00e8 famoso ben oltre i confini nazionali.<\/p>\n<p>A questo proposito \u00e8 intervenuta il sindaco di Savignano, Elena Battistini, che ha raccolto la sfida e ha fatto sapere al pubblico che ha proposto che il Rubicone diventi patrimonio dell&#8217;Umanit\u00e0 dell&#8217;Unesco. E ha annunciato anche che, a questo proposito, sono gi\u00e0 stati fatti dei viaggi a Roma.<\/p>\n<p>E, mentre si aspettano ulteriori passi avanti nella pratica con l&#8217;Unesco, la diatriba storica continua, questa volta tra Cesena e Savignano sul Rubicone: dove \u00e8 passato veramente Giulio Cesare? Se ne parler\u00e0 gioved\u00ec 24 novembre presso la Sala riunioni del quartiere di Calisese (in via Suzzi a Savignano). Rino Zoffoli e Paolo Turroni dell&#8217;associazione \u201cPro Rubicone\u201d terranno una conferenza sul passaggio del pi\u00f9 famoso degli imperatori romani. L&#8217;appuntamento \u00e8 alle 20:30 e ovviamente l&#8217;ingresso \u00e8 libero.<\/p>\n","protected":false},"excerpt":{"rendered":"<p>A inizio novembre &egrave; uscito un libro &ldquo;Il Rubicone. Dal Rubicone al Pisciatello, storia antica nuova immaginaria del famoso fiume romagnolo dimenticato ritrovato contestato trascurato&rdquo; (ed. Walmar) di Marco Faedi, un 76 nativo di Longiano (Cesena) ma che vive ormai da 40 anni a Brescia che &egrave; stato presentato<\/p>\n","protected":false},"author":7,"featured_media":0,"comment_status":"open","ping_status":"open","sticky":false,"template":"","format":"standard","meta":{"footnotes":""},"categories":[3],"tags":[5,23],"class_list":["post-2543","post","type-post","status-publish","format-standard","hentry","category-turismo","tag-notizie","tag-unesco"],"aioseo_notices":[],"_links":{"self":[{"href":"https:\/\/www.minicity.it\/blog\/wp-json\/wp\/v2\/posts\/2543","targetHints":{"allow":["GET"]}}],"collection":[{"href":"https:\/\/www.minicity.it\/blog\/wp-json\/wp\/v2\/posts"}],"about":[{"href":"https:\/\/www.minicity.it\/blog\/wp-json\/wp\/v2\/types\/post"}],"author":[{"embeddable":true,"href":"https:\/\/www.minicity.it\/blog\/wp-json\/wp\/v2\/users\/7"}],"replies":[{"embeddable":true,"href":"https:\/\/www.minicity.it\/blog\/wp-json\/wp\/v2\/comments?post=2543"}],"version-history":[{"count":0,"href":"https:\/\/www.minicity.it\/blog\/wp-json\/wp\/v2\/posts\/2543\/revisions"}],"wp:attachment":[{"href":"https:\/\/www.minicity.it\/blog\/wp-json\/wp\/v2\/media?parent=2543"}],"wp:term":[{"taxonomy":"category","embeddable":true,"href":"https:\/\/www.minicity.it\/blog\/wp-json\/wp\/v2\/categories?post=2543"},{"taxonomy":"post_tag","embeddable":true,"href":"https:\/\/www.minicity.it\/blog\/wp-json\/wp\/v2\/tags?post=2543"}],"curies":[{"name":"wp","href":"https:\/\/api.w.org\/{rel}","templated":true}]}}