{"id":2563,"date":"2011-11-17T10:39:10","date_gmt":"2011-11-17T10:39:10","guid":{"rendered":"https:\/\/www.minicity.it\/blog\/?p=2563"},"modified":"2011-11-17T10:39:10","modified_gmt":"2011-11-17T10:39:10","slug":"nuovo-ministro-del-turismo-piero-gnudi","status":"publish","type":"post","link":"https:\/\/www.minicity.it\/blog\/2011\/11\/nuovo-ministro-del-turismo-piero-gnudi\/","title":{"rendered":"Deciso il nuovo Ministro del Turismo"},"content":{"rendered":"<p><a href=\"https:\/\/www.minicity.it\/blog\/wp-content\/uploads\/2011\/11\/ministroturismognudi.jpg\"><img loading=\"lazy\" decoding=\"async\" class=\"alignleft size-full wp-image-2564\" title=\"ministroturismognudi\" src=\"https:\/\/www.minicity.it\/blog\/wp-content\/uploads\/2011\/11\/ministroturismognudi.jpg\" alt=\"\" width=\"200\" height=\"148\" \/><\/a>Con la fine del governo Berlusconi sono saltati anche i suoi ministeri e con loro anche Michela Vittoria Brambilla, ministro del Turismo fino a pochi giorni fa. Ieri il nuovo Primo Ministro deciso dal Presidente della Repubblica, Mario Monti, ha deciso chi sieder\u00e0 ai dicasteri del nuovo governo.<!--more--><\/p>\n<p>Al Ministero del Turismo, a cui \u00e8 stato aggregato anche lo sport, (senza portafoglio) da ieri c&#8217;\u00e8 <strong>Piero Gnudi<\/strong>. Chi \u00e8? Sicuramente un tecnico, come tutti coloro che sono stati scelti da Monti: Gnudi ha 72 anni ed \u00e8 stato, in passato, presidente del Cda dell&#8217;Enel per tre mandati. \u00c8 laureato in Economia e possiede uno studio a Bologna. Ha lavorato per la Eni, per Credito italiano e per Stet. Gnudi ha anche fatto parte del Consiglio di Amministrazione dell&#8217;Iri, di Confindustria e di Assonime (associazione tra le societ\u00e0 italiane per azioni). La sua unica esperienza in politica fu nel 1995 come consigliere economico del Ministro dell&#8217;Industria.<\/p>\n<p>Michela Vittoria Brambilla ha immediatamente inviato i suoi saluti al nuovo Ministro del Turismo, augurandogli un buon lavoro in questo settore dell&#8217;Economia che, nonostante la crisi, sta andando bene e fa da voltano per l&#8217;intero paese. E effettivamente i dati dicono che il 2011 \u00e8 stato un anno positivo, non solo per l&#8217;Italia ma per tutta l&#8217;Europa: gli arrivi sono aumentati del 6% e si prevede un ulteriore incremento per il 2012.<\/p>\n<p>Il Ministero del Turismo, quindi, \u00e8 veramente un ministero chiave che pu\u00f2 permettere il rilancio non solo delle attivit\u00e0 economiche e del terziario, ma anche il miglioramento della reputazione del Bel Paese all&#8217;estero.<\/p>\n","protected":false},"excerpt":{"rendered":"<p>Con la fine del governo Berlusconi sono saltati anche i suoi ministeri e con loro anche Michela Vittoria Brambilla, ministro del Turismo fino a pochi giorni fa. Ieri il nuovo Primo Ministro deciso dal Presidente della Repubblica, Mario Monti, ha deciso chi sieder&agrave; ai dicasteri del nuovo governo.<\/p>\n","protected":false},"author":1,"featured_media":0,"comment_status":"open","ping_status":"open","sticky":false,"template":"","format":"standard","meta":{"footnotes":""},"categories":[3],"tags":[5],"class_list":["post-2563","post","type-post","status-publish","format-standard","hentry","category-turismo","tag-notizie"],"aioseo_notices":[],"_links":{"self":[{"href":"https:\/\/www.minicity.it\/blog\/wp-json\/wp\/v2\/posts\/2563","targetHints":{"allow":["GET"]}}],"collection":[{"href":"https:\/\/www.minicity.it\/blog\/wp-json\/wp\/v2\/posts"}],"about":[{"href":"https:\/\/www.minicity.it\/blog\/wp-json\/wp\/v2\/types\/post"}],"author":[{"embeddable":true,"href":"https:\/\/www.minicity.it\/blog\/wp-json\/wp\/v2\/users\/1"}],"replies":[{"embeddable":true,"href":"https:\/\/www.minicity.it\/blog\/wp-json\/wp\/v2\/comments?post=2563"}],"version-history":[{"count":0,"href":"https:\/\/www.minicity.it\/blog\/wp-json\/wp\/v2\/posts\/2563\/revisions"}],"wp:attachment":[{"href":"https:\/\/www.minicity.it\/blog\/wp-json\/wp\/v2\/media?parent=2563"}],"wp:term":[{"taxonomy":"category","embeddable":true,"href":"https:\/\/www.minicity.it\/blog\/wp-json\/wp\/v2\/categories?post=2563"},{"taxonomy":"post_tag","embeddable":true,"href":"https:\/\/www.minicity.it\/blog\/wp-json\/wp\/v2\/tags?post=2563"}],"curies":[{"name":"wp","href":"https:\/\/api.w.org\/{rel}","templated":true}]}}