{"id":2568,"date":"2011-11-17T11:18:38","date_gmt":"2011-11-17T11:18:38","guid":{"rendered":"https:\/\/www.minicity.it\/blog\/?p=2568"},"modified":"2011-11-17T11:18:38","modified_gmt":"2011-11-17T11:18:38","slug":"polo-fieristico-romagnolo-un-incontro-tra-forli-cesena-e-rimini","status":"publish","type":"post","link":"https:\/\/www.minicity.it\/blog\/2011\/11\/polo-fieristico-romagnolo-un-incontro-tra-forli-cesena-e-rimini\/","title":{"rendered":"Polo fieristico romagnolo: un incontro tra Forl\u00ec, Cesena e Rimini"},"content":{"rendered":"<p><a href=\"https:\/\/www.minicity.it\/blog\/wp-content\/uploads\/2011\/11\/fiere-romagna.jpg\"><img loading=\"lazy\" decoding=\"async\" class=\"alignleft size-full wp-image-2569\" title=\"fiere-romagna\" src=\"https:\/\/www.minicity.it\/blog\/wp-content\/uploads\/2011\/11\/fiere-romagna.jpg\" alt=\"\" width=\"200\" height=\"99\" \/><\/a>Da ormai un po&#8217; di tempo si discute della costituzione di un polo fieristico romagnolo, <strong>\u201cFiere Romagna\u201d<\/strong>. Luned\u00ec scorso si \u00e8 tenuto in regione un ulteriore incontro per trovare delle soluzioni operative al quale hanno partecipato <!--more-->Gian Carlo Muzzarelli, assessore regionale alle attivit\u00e0 produttive, il Sindaco di Cesena, Paolo Lucchi, e il vicesindaco, Carlo Battistini, il presidente di Fiera Forl\u00ec, Giorgio Grazioso, quello di Rimini Fiera, Lorenzo Cagnoni, il sindaco di Forl\u00ec Roberto Balzani e l&#8217;assessore della Provincia di Forl\u00ec-Cesena Maurizio Castagnoli.<\/p>\n<p>L&#8217;idea \u00e8 quella di fare della Romagna un polo competitivo per il <strong>settore fieristico<\/strong> su tutto il territorio nazionale, valorizzando il territorio e stimolando le opportunit\u00e0 imprenditoriali. La volont\u00e0 di aggregare i vari soggetti sul territorio \u00e8 sopratutto della Regione Emilia-Romagna, che vuole creare un brand unico per promuovere tutto il pacchetto \u201cRomagna\u201d.<\/p>\n<p><strong>Rimini e Riccione<\/strong> da questo punto di vista sono gi\u00e0 due soggetti forti che hanno puntato sul fieristico (con il nuovo Palacongressi di Rimini, con la Fiera e con il Palazzo dei Congressi di Riccione) per destagionalizzare il turismo in Riviera Romagnola e mantenere il territorio vivo anche nei mesi invernali. Forl\u00ec e Cesena non sono da meno, grazie alla grande quantit\u00e0 di eventi che vengono organizzati.<\/p>\n<p>Le citt\u00e0 coinvolte per\u00f2 ci tengono a che nessuno perda degli appuntamenti e che se qualcosa venisse spostato (in un&#8217;ottica di Fiere Romagna) si potesse applicare il principio della \u201ccompensazione\u201d: il principio \u00e8 stato ribadito perch\u00e9 si prevede lo spostamento del Macfrut a Rimini. In quel caso \u00e8 probabile che la Fiera del Fitness venga fatta in territorio cesenate.<\/p>\n","protected":false},"excerpt":{"rendered":"<p>Da ormai un po&rsquo; di tempo si discute della costituzione di un polo fieristico romagnolo, &ldquo;Fiere Romagna&rdquo;. Luned&igrave; scorso si &egrave; tenuto in regione un ulteriore incontro per trovare delle soluzioni operative al quale hanno partecipato<\/p>\n","protected":false},"author":6,"featured_media":0,"comment_status":"open","ping_status":"open","sticky":false,"template":"","format":"standard","meta":{"footnotes":""},"categories":[3],"tags":[52],"class_list":["post-2568","post","type-post","status-publish","format-standard","hentry","category-turismo","tag-fiere-turismo"],"aioseo_notices":[],"_links":{"self":[{"href":"https:\/\/www.minicity.it\/blog\/wp-json\/wp\/v2\/posts\/2568","targetHints":{"allow":["GET"]}}],"collection":[{"href":"https:\/\/www.minicity.it\/blog\/wp-json\/wp\/v2\/posts"}],"about":[{"href":"https:\/\/www.minicity.it\/blog\/wp-json\/wp\/v2\/types\/post"}],"author":[{"embeddable":true,"href":"https:\/\/www.minicity.it\/blog\/wp-json\/wp\/v2\/users\/6"}],"replies":[{"embeddable":true,"href":"https:\/\/www.minicity.it\/blog\/wp-json\/wp\/v2\/comments?post=2568"}],"version-history":[{"count":0,"href":"https:\/\/www.minicity.it\/blog\/wp-json\/wp\/v2\/posts\/2568\/revisions"}],"wp:attachment":[{"href":"https:\/\/www.minicity.it\/blog\/wp-json\/wp\/v2\/media?parent=2568"}],"wp:term":[{"taxonomy":"category","embeddable":true,"href":"https:\/\/www.minicity.it\/blog\/wp-json\/wp\/v2\/categories?post=2568"},{"taxonomy":"post_tag","embeddable":true,"href":"https:\/\/www.minicity.it\/blog\/wp-json\/wp\/v2\/tags?post=2568"}],"curies":[{"name":"wp","href":"https:\/\/api.w.org\/{rel}","templated":true}]}}