{"id":2579,"date":"2011-11-18T09:08:12","date_gmt":"2011-11-18T09:08:12","guid":{"rendered":"https:\/\/www.minicity.it\/blog\/?p=2579"},"modified":"2011-11-18T09:08:12","modified_gmt":"2011-11-18T09:08:12","slug":"fine-settimana-rap-a-cervia-fabri-fibra-e-marracash","status":"publish","type":"post","link":"https:\/\/www.minicity.it\/blog\/2011\/11\/fine-settimana-rap-a-cervia-fabri-fibra-e-marracash\/","title":{"rendered":"Fine settimana all&#8217;insegna del rap a Cervia con Fabri Fibra e Marracash"},"content":{"rendered":"<p><strong><a href=\"https:\/\/www.minicity.it\/blog\/wp-content\/uploads\/2011\/11\/fabrifibra-Marracash.jpg\"><img loading=\"lazy\" decoding=\"async\" class=\"alignleft size-full wp-image-2582\" title=\"fabrifibra-Marracash\" src=\"https:\/\/www.minicity.it\/blog\/wp-content\/uploads\/2011\/11\/fabrifibra-Marracash.jpg\" alt=\"\" width=\"200\" height=\"133\" \/><\/a>Sabato 19 dicembre<\/strong> Cervia ospiter\u00e0, in due locali diversi, due concerti rap con due dei protagonisti della scena italiana: <strong>Fabri Fibra e Marracash<\/strong>.<\/p>\n<p>Fabri Fibra si esibir\u00e0 in un luogo di eccezione, il <strong>Pineta Visionare di Milano Marittima<\/strong>. Sabato<!--more--> prossimo, infatti, il prestigioso locale romagnolo riaprir\u00e0 le sue porte per la stagione invernale con il concerto di questo famoso e contestato rapper. Fabri Fibra, al secolo Fabio Tarducci, \u00e8 un giovane marchigiano di 34 anni che ha all&#8217;attivo gi\u00e0 17 album. Oggi esce con la Universal ed \u00e8 uno dei nomi di punta del rap italiano, ma non smette per questo di creare polemiche a causa dei suoi testi irriverenti e politicamente poco corretti. A novembre Fabri Fibra dovrebbe fare uscire un libro che parla della sua vita con la prefazione di Marco Travaglio.<\/p>\n<p>Stessa sera e stessa citt\u00e0: alla discoteca Le Indie di Cervia ci sar\u00e0 Marracash. Per chi non lo conoscesse si tratta di un altro nome famoso della scena rap italiana. Fabio Rizzo, questo \u00e8 il suo vero nome, \u00e8 un trentenne milanese che deve il suo nome d&#8217;arte, che prima era un soprannome, ai suoi lineamenti marcati che fanno pensare a origini nordafricane. Anche Marracash esce per la Universal e il suo ultimo album, \u201cKing del rap\u201d, \u00e8 appena uscito e ha visto la collaborazione di artisti della scena come Fabri Fibra, Jake la Furia, Gu\u00e9 Pequeno , J-Ax, Emis Killa, Entics, Salmo e i Co&#8217; Sang.<\/p>\n<p>Insomma, se amate il genere questo fine settimana Cervia ha dato il meglio di s\u00e9: non resta che l&#8217;imbarazzo della scelta.<\/p>\n","protected":false},"excerpt":{"rendered":"<p>Sabato 19 dicembre Cervia ospiter&agrave;, in due locali diversi, due concerti rap con due dei protagonisti della scena italiana: Fabri Fibra e Marracash. Fabri Fibra si esibir&agrave; in un luogo di eccezione, il Pineta Visionare di Milano Marittima. Sabato<\/p>\n","protected":false},"author":1,"featured_media":0,"comment_status":"open","ping_status":"open","sticky":false,"template":"","format":"standard","meta":{"footnotes":""},"categories":[3],"tags":[20,39],"class_list":["post-2579","post","type-post","status-publish","format-standard","hentry","category-turismo","tag-cervia","tag-concerti"],"aioseo_notices":[],"_links":{"self":[{"href":"https:\/\/www.minicity.it\/blog\/wp-json\/wp\/v2\/posts\/2579","targetHints":{"allow":["GET"]}}],"collection":[{"href":"https:\/\/www.minicity.it\/blog\/wp-json\/wp\/v2\/posts"}],"about":[{"href":"https:\/\/www.minicity.it\/blog\/wp-json\/wp\/v2\/types\/post"}],"author":[{"embeddable":true,"href":"https:\/\/www.minicity.it\/blog\/wp-json\/wp\/v2\/users\/1"}],"replies":[{"embeddable":true,"href":"https:\/\/www.minicity.it\/blog\/wp-json\/wp\/v2\/comments?post=2579"}],"version-history":[{"count":0,"href":"https:\/\/www.minicity.it\/blog\/wp-json\/wp\/v2\/posts\/2579\/revisions"}],"wp:attachment":[{"href":"https:\/\/www.minicity.it\/blog\/wp-json\/wp\/v2\/media?parent=2579"}],"wp:term":[{"taxonomy":"category","embeddable":true,"href":"https:\/\/www.minicity.it\/blog\/wp-json\/wp\/v2\/categories?post=2579"},{"taxonomy":"post_tag","embeddable":true,"href":"https:\/\/www.minicity.it\/blog\/wp-json\/wp\/v2\/tags?post=2579"}],"curies":[{"name":"wp","href":"https:\/\/api.w.org\/{rel}","templated":true}]}}