{"id":2612,"date":"2011-11-21T12:38:08","date_gmt":"2011-11-21T12:38:08","guid":{"rendered":"https:\/\/www.minicity.it\/blog\/?p=2612"},"modified":"2011-11-21T12:38:08","modified_gmt":"2011-11-21T12:38:08","slug":"misano-una-cena-di-beneficenza-con-simona-ventura","status":"publish","type":"post","link":"https:\/\/www.minicity.it\/blog\/2011\/11\/misano-una-cena-di-beneficenza-con-simona-ventura\/","title":{"rendered":"Misano: una cena di beneficenza con Simona Ventura"},"content":{"rendered":"<p><a href=\"https:\/\/www.minicity.it\/blog\/wp-content\/uploads\/2011\/11\/simonaventurariccione.jpg\"><img loading=\"lazy\" decoding=\"async\" class=\"alignleft size-full wp-image-2522\" title=\"simonaventurariccione\" src=\"https:\/\/www.minicity.it\/blog\/wp-content\/uploads\/2011\/11\/simonaventurariccione.jpg\" alt=\"\" width=\"200\" height=\"200\" \/><\/a>Il <strong>due dicembre<\/strong> prossimo al <strong>Peter Pan Club di Misano Monte<\/strong> si terr\u00e0 un grande e esclusivo evento di beneficenza. Si tratta di &#8220;La mia mano&#8221;, un&#8217;iniziativa benefica promossa dalla Fondazione Simona Ventura Onlus in collaborazione con i comuni di Misano Adriatico e Riccione.<\/p>\n<p>Tra gli ospiti esclusivi presenti alla cena ci sar\u00e0 la promotrice, la conduttrice<!--more--> <strong>Simona Ventura<\/strong>, il cantante e conduttore <strong>Morgan<\/strong> e il duo di cantanti <strong>Paola e Chiara<\/strong>.<\/p>\n<p><strong>La Fondazione Simona Ventura Onlu<\/strong>s non \u00e8 la prima volta che lancia un&#8217;iniziativa di solidariet\u00e0 in terra di Romagna: gi\u00e0 con il suo sostegno fu costruita una casa famiglia con l&#8217;Associazione Segno Onlus, e ora si intende acquistare uno scuola bus e pagare la scolarizzazione a sei bambini del territorio. Simona Ventura \u00e8 molto legata a Riccione, luogo dove passava le vacanza quando era piccola. Per questo motivo ha scelto proprio queste zone per le sue iniziative benefiche.<\/p>\n<p>L&#8217;associazione Segno \u00e8 una Onlus che si occupa di minori fino a 15 anni: ora ha due case di accoglienza, una che accoglie bambini dagli 0 ai 3 anni e l&#8217;altra dai 4 ai 10 anni. A queste si aggiunge un centro diurno dove vengono seguiti ragazzini tra i cinque e i tredici anni. Sono ormai 5 anni che la conduttrice Simona Ventura offre sostegno a questa realt\u00e0.<\/p>\n<p>&#8220;La mia mano&#8221; \u00e8 stata presentata in conferenza stampa a Riccione lo scorso 14 novembre: erano presenti Massimo Pironi, sindaco di Riccione, Stefano Giannini, sindaco di Misano Adriatico, Simona Ventura, Mafalda Garro, responsabile Associazione Segno e i rappresentanti dei vari sponsor dell&#8217;iniziativa. L&#8217;appuntamento \u00e8 quindi per venerd\u00ec due dicembre al Peter Pan Club, in via Scacciano 161 a Misano Monte.<\/p>\n","protected":false},"excerpt":{"rendered":"<p>Il due dicembre prossimo al Peter Pan Club di Misano Monte si terr&agrave; un grande e esclusivo evento di beneficenza. Si tratta di &ldquo;La mia mano&rdquo;, un&rsquo;iniziativa benefica promossa dalla Fondazione Simona Ventura Onlus in collaborazione con i comuni di Misano Adriatico e Riccione. Tra gli ospiti esclusivi presenti alla cena ci sar&agrave; la promotrice, &#8230;<a class=\"post-readmore\" href=\"https:\/\/www.minicity.it\/blog\/2011\/11\/misano-una-cena-di-beneficenza-con-simona-ventura\/\">read more<\/a><\/p>\n","protected":false},"author":7,"featured_media":0,"comment_status":"open","ping_status":"open","sticky":false,"template":"","format":"standard","meta":{"footnotes":""},"categories":[3],"tags":[33,36],"class_list":["post-2612","post","type-post","status-publish","format-standard","hentry","category-turismo","tag-eventi-riviera","tag-misano-adriatico"],"aioseo_notices":[],"_links":{"self":[{"href":"https:\/\/www.minicity.it\/blog\/wp-json\/wp\/v2\/posts\/2612","targetHints":{"allow":["GET"]}}],"collection":[{"href":"https:\/\/www.minicity.it\/blog\/wp-json\/wp\/v2\/posts"}],"about":[{"href":"https:\/\/www.minicity.it\/blog\/wp-json\/wp\/v2\/types\/post"}],"author":[{"embeddable":true,"href":"https:\/\/www.minicity.it\/blog\/wp-json\/wp\/v2\/users\/7"}],"replies":[{"embeddable":true,"href":"https:\/\/www.minicity.it\/blog\/wp-json\/wp\/v2\/comments?post=2612"}],"version-history":[{"count":0,"href":"https:\/\/www.minicity.it\/blog\/wp-json\/wp\/v2\/posts\/2612\/revisions"}],"wp:attachment":[{"href":"https:\/\/www.minicity.it\/blog\/wp-json\/wp\/v2\/media?parent=2612"}],"wp:term":[{"taxonomy":"category","embeddable":true,"href":"https:\/\/www.minicity.it\/blog\/wp-json\/wp\/v2\/categories?post=2612"},{"taxonomy":"post_tag","embeddable":true,"href":"https:\/\/www.minicity.it\/blog\/wp-json\/wp\/v2\/tags?post=2612"}],"curies":[{"name":"wp","href":"https:\/\/api.w.org\/{rel}","templated":true}]}}