{"id":2617,"date":"2011-11-22T12:53:38","date_gmt":"2011-11-22T12:53:38","guid":{"rendered":"https:\/\/www.minicity.it\/blog\/?p=2617"},"modified":"2011-11-22T12:53:38","modified_gmt":"2011-11-22T12:53:38","slug":"dubbi-sui-nuovi-listini-prezzi-degli-hotel","status":"publish","type":"post","link":"https:\/\/www.minicity.it\/blog\/2011\/11\/dubbi-sui-nuovi-listini-prezzi-degli-hotel\/","title":{"rendered":"Dubbi sui nuovi Listini Prezzi degli Hotel&#8230;"},"content":{"rendered":"<p><a href=\"https:\/\/www.minicity.it\/blog\/wp-content\/uploads\/2011\/11\/prezzihotelriviera.jpg\"><img loading=\"lazy\" decoding=\"async\" class=\"alignleft size-full wp-image-2619\" title=\"prezzihotelriviera\" src=\"https:\/\/www.minicity.it\/blog\/wp-content\/uploads\/2011\/11\/prezzihotelriviera.jpg\" alt=\"\" width=\"200\" height=\"107\" \/><\/a>Per gli albergatori, questo \u00e8 il periodo di aggiornare i propri listini prezzi per la nuova stagione, ma con la tassa di soggiorno e un possibile aumento dell&#8217;IVA i dubbi sono molti&#8230;<\/p>\n<p><strong>RIMINI.<\/strong> La domanda che sta <!--more-->arrivando all&#8217;associazione albergatori \u00e8 &#8220;che prezzi dobbiamo mettere nei listini?&#8221;&#8230; e la risposta \u00e8 &#8220;Non lo sappiamo&#8221;. Il vice presidente dell&#8217;Aia \u00e8 preoccupato per la situazione visto che proprio i mesi di Novembre e Dicembre sono quelli in cui gli albergatori devono decidere il listino prezzi da inviare alle agenzie per l&#8217;estate 2012.<\/p>\n<p>La colpa di questi dubbi sono dovuti dalla <strong>tassa di soggiorno<\/strong> e da un possibile <strong>aumento dell&#8217;IVA<\/strong>.<\/p>\n<p>Tutto il settore alberghiero al momento non sa come muoversi e un possibile aumento dell&#8217;IVA dal 10% all&#8217;11% va ad aggravare la situazione, tenendo in considerazione che per pareggiare si diminuir\u00e0 l&#8217;IRPEF: pi\u00f9 tasse sulle cose e meno sulle persone.<\/p>\n<p>Per il momento sono solo ipotesi, ma da tenere in considerazione per compilare i nuovi listini prezzi per il 2012. Ora di dovranno attendere i nuovi provvedimenti del nuovo Governo Monti.<\/p>\n","protected":false},"excerpt":{"rendered":"<p>Per gli albergatori, questo &egrave; il periodo di aggiornare i propri listini prezzi per la nuova stagione, ma con la tassa di soggiorno e un possibile aumento dell&rsquo;IVA i dubbi sono molti&hellip; RIMINI. La domanda che sta<\/p>\n","protected":false},"author":1,"featured_media":0,"comment_status":"open","ping_status":"open","sticky":false,"template":"","format":"standard","meta":{"footnotes":""},"categories":[3],"tags":[10,30],"class_list":["post-2617","post","type-post","status-publish","format-standard","hentry","category-turismo","tag-rimini","tag-servizi-hotel"],"aioseo_notices":[],"_links":{"self":[{"href":"https:\/\/www.minicity.it\/blog\/wp-json\/wp\/v2\/posts\/2617","targetHints":{"allow":["GET"]}}],"collection":[{"href":"https:\/\/www.minicity.it\/blog\/wp-json\/wp\/v2\/posts"}],"about":[{"href":"https:\/\/www.minicity.it\/blog\/wp-json\/wp\/v2\/types\/post"}],"author":[{"embeddable":true,"href":"https:\/\/www.minicity.it\/blog\/wp-json\/wp\/v2\/users\/1"}],"replies":[{"embeddable":true,"href":"https:\/\/www.minicity.it\/blog\/wp-json\/wp\/v2\/comments?post=2617"}],"version-history":[{"count":0,"href":"https:\/\/www.minicity.it\/blog\/wp-json\/wp\/v2\/posts\/2617\/revisions"}],"wp:attachment":[{"href":"https:\/\/www.minicity.it\/blog\/wp-json\/wp\/v2\/media?parent=2617"}],"wp:term":[{"taxonomy":"category","embeddable":true,"href":"https:\/\/www.minicity.it\/blog\/wp-json\/wp\/v2\/categories?post=2617"},{"taxonomy":"post_tag","embeddable":true,"href":"https:\/\/www.minicity.it\/blog\/wp-json\/wp\/v2\/tags?post=2617"}],"curies":[{"name":"wp","href":"https:\/\/api.w.org\/{rel}","templated":true}]}}