{"id":2712,"date":"2011-11-29T14:22:39","date_gmt":"2011-11-29T14:22:39","guid":{"rendered":"https:\/\/www.minicity.it\/blog\/?p=2712"},"modified":"2011-11-29T14:22:39","modified_gmt":"2011-11-29T14:22:39","slug":"misano-confermato-world-ducati-week-2012","status":"publish","type":"post","link":"https:\/\/www.minicity.it\/blog\/2011\/11\/misano-confermato-world-ducati-week-2012\/","title":{"rendered":"Misano: Confermato la World Ducati Week per il 2012"},"content":{"rendered":"<p><a href=\"https:\/\/www.minicity.it\/blog\/wp-content\/uploads\/2011\/11\/ducatiworldweek2012.jpg\"><img loading=\"lazy\" decoding=\"async\" class=\"alignleft size-full wp-image-2713\" title=\"ducatiworldweek2012\" src=\"https:\/\/www.minicity.it\/blog\/wp-content\/uploads\/2011\/11\/ducatiworldweek2012.jpg\" alt=\"\" width=\"200\" height=\"134\" \/><\/a>Anche per il 2012, Misano diventa la capitale delle <strong>Ducati Motor<\/strong>&#8230;<\/p>\n<p><strong>MISANO.<\/strong> La citt\u00e0 romagnola e pi\u00f9 precisamente all&#8217;autodromo di Santa Monica, sar\u00e0 location per il <strong>World Ducati Week 2012<\/strong>. L&#8217;evento si terr\u00e0 dal <strong>21 al 24 Giugno 2012<\/strong> all&#8217;autodromo dedicato<!--more--> di rencente al campione Marco Simoncelli.<\/p>\n<p>L&#8217;evento che si conferma anche per il prossimo anno \u00e8 sostenuto da Apt Emilia-Romagna. La location romagnola non \u00e8 scelta a caso, ma il World Ducati Week si consolida in una terra dove la vocazione motoristica \u00e8 ben presente.<\/p>\n<p>Durante l&#8217;evento sar\u00e0 consolidata anche la partnership fra la Ducati e la Romagna che coinvolger\u00e0 istituzioni e autorit\u00e0 locali iniziando dal Comune di Misano, la Provincia di Rimini, Comune di Cattolica, Riccione e la Repubblica di San Marino.<\/p>\n<p>Al World Ducati Week saranno presenti piloti, organizzati eventi e spettacoli. Un evento che nel 2010 aveva attirato oltre 60 mila persone durante i 4 giorni!<\/p>\n","protected":false},"excerpt":{"rendered":"<p>Anche per il 2012, Misano diventa la capitale delle Ducati Motor&hellip; MISANO. La citt&agrave; romagnola e pi&ugrave; precisamente all&rsquo;autodromo di Santa Monica, sar&agrave; location per il World Ducati Week 2012. L&rsquo;evento si terr&agrave; dal 21 al 24 Giugno 2012 all&rsquo;autodromo dedicato<\/p>\n","protected":false},"author":6,"featured_media":0,"comment_status":"open","ping_status":"open","sticky":false,"template":"","format":"standard","meta":{"footnotes":""},"categories":[3],"tags":[36,49],"class_list":["post-2712","post","type-post","status-publish","format-standard","hentry","category-turismo","tag-misano-adriatico","tag-sport"],"aioseo_notices":[],"_links":{"self":[{"href":"https:\/\/www.minicity.it\/blog\/wp-json\/wp\/v2\/posts\/2712","targetHints":{"allow":["GET"]}}],"collection":[{"href":"https:\/\/www.minicity.it\/blog\/wp-json\/wp\/v2\/posts"}],"about":[{"href":"https:\/\/www.minicity.it\/blog\/wp-json\/wp\/v2\/types\/post"}],"author":[{"embeddable":true,"href":"https:\/\/www.minicity.it\/blog\/wp-json\/wp\/v2\/users\/6"}],"replies":[{"embeddable":true,"href":"https:\/\/www.minicity.it\/blog\/wp-json\/wp\/v2\/comments?post=2712"}],"version-history":[{"count":0,"href":"https:\/\/www.minicity.it\/blog\/wp-json\/wp\/v2\/posts\/2712\/revisions"}],"wp:attachment":[{"href":"https:\/\/www.minicity.it\/blog\/wp-json\/wp\/v2\/media?parent=2712"}],"wp:term":[{"taxonomy":"category","embeddable":true,"href":"https:\/\/www.minicity.it\/blog\/wp-json\/wp\/v2\/categories?post=2712"},{"taxonomy":"post_tag","embeddable":true,"href":"https:\/\/www.minicity.it\/blog\/wp-json\/wp\/v2\/tags?post=2712"}],"curies":[{"name":"wp","href":"https:\/\/api.w.org\/{rel}","templated":true}]}}