{"id":2727,"date":"2011-11-30T10:47:57","date_gmt":"2011-11-30T10:47:57","guid":{"rendered":"https:\/\/www.minicity.it\/blog\/?p=2727"},"modified":"2012-09-14T12:11:36","modified_gmt":"2012-09-14T12:11:36","slug":"bellaria-igea-marina-arriva-il-presepe-di-sabbia","status":"publish","type":"post","link":"https:\/\/www.minicity.it\/blog\/2011\/11\/bellaria-igea-marina-arriva-il-presepe-di-sabbia\/","title":{"rendered":"Bellaria Igea Marina: Arriva il Presepe di Sabbia"},"content":{"rendered":"<p><a href=\"https:\/\/www.minicity.it\/blog\/wp-content\/uploads\/2011\/11\/presepisabbiabellariaigeamarina.jpg\"><img loading=\"lazy\" decoding=\"async\" class=\"alignleft size-full wp-image-2728\" title=\"presepisabbiabellariaigeamarina\" src=\"https:\/\/www.minicity.it\/blog\/wp-content\/uploads\/2011\/11\/presepisabbiabellariaigeamarina.jpg\" alt=\"\" width=\"200\" height=\"141\" \/><\/a>Il <strong>Natale<\/strong> \u00e8 in arrivo e la riviera romagnola comincia ad allestire le classiche raffigurazioni della Nativit\u00e0 opere effimere fatte di rena.<\/p>\n<p>A meno di un mese da Natale torna la suggestiva <strong>tradizione del Presepe<\/strong>, la classica raffigurazione della nativit\u00e0 che da sempre \u00e8 <!--more-->fonte di ispirazione per gli artisti, che propongono originali varianti.<\/p>\n<p>Anche le citt\u00e0 della riviera romagnola rimangono fedeli a questa tradizione, esponendo ognuna la sua idea di presepe, in maniera creativa e unica.<br \/>\nCome ogni anno, in occasione delle feste natalizie, la citt\u00e0 di <strong>Bellaria Igea Marina<\/strong> mette in campo tutta la sua creativit\u00e0, capace di stupire ogni volta grandi e piccini con il suo suggestivo presepe \u201cGli angeli della sabbia\u201d, che viene allestito presso i bagni 78 e 78bis. Saranno ricostruiti per l\u2019occasione circa cinquanta personaggi e qualche figura animale proprio con la sabbia: uno spettacolo che potr\u00e0 essere ammirato da tutti, dal 4 dicembre all\u20198 gennaio 2012. Il <strong>presepe di sabbia<\/strong> sar\u00e0 illuminato fino alle 21 nei giorni feriali e fino a mezzanotte in quelli festivi.<\/p>\n<p>Dai celebri presepi di sabbia a quelli pi\u00f9 tradizionali collocati negli edifici storici delle citt\u00e0, la riviera romagnola ha in serbo per il Natale 2011 tante sorprese tutte da scoprire. Nei borghi delle localit\u00e0 dell\u2019entroterra non mancheranno i presepi viventi e quelli meccanici, con realizzazioni spettacolari, vere e proprie opere d\u2019arte.<\/p>\n<p>Sempre a Bellaria Igea Marina, dal 4 dicembre si pu\u00f2 ammirare l&#8217;<strong>Isola dei presepi<\/strong>: per tutto il corso delle festivit\u00e0 l\u2019Isola dei Platani sar\u00e0 arricchita da tanti presepi, collocati nel centro citt\u00e0. A Marina di Ravenna c&#8217;\u00e8 il Presepe di sabbia, a cura del bagno Obelix di Marina di Ravenna, con statue e raffigurazioni realizzate da veri maestri della sabbia, visitabili dal 3 dicembre al 15 gennaio.<\/p>\n<p>Dall\u20198 di dicembre anche Cattolica, Montefiore Conca, Cesenatico, Milano Marittima, Predappio e Montescudo proporranno le loro realizzazioni natalizie, che riempiranno di<br \/>\nmagica atmosfera strade, piazze, vie e spiagge.<\/p>\n<p>La rappresentazione della Nativit\u00e0 Cristiana ovvero il Presepe o Presepio \u00e8 uno dei momentipi\u00f9 importanti di tutta l\u2019iconografia cattolica. Tradizionalmente ogni anno a Natale ne vengono allestiti a milioni un po&#8217; ovunque e soprattutto in moltissime case private, ci\u00f2 ha fatto si che il Presepe sia senz\u2019altro la pi\u00f9 familiare e popolare delle rappresentazioni degli eventi narrati dai Vangeli. Il fatto che la maggior parte dei cattolici si sia cimentata almeno una volta nella vita nell\u2019allestimento di un Presepe ha fatto si che negli anni, pur conservando intatto il suo contenuto sacro, abbia assunto le forme e le interpretazioni pi\u00f9 varie, le dimensioni e locazioni pi\u00f9 diverse e i materiali pi\u00f9 impensabili. Molto spesso il Presepe si caratterizza localmente sposandosi nelle sue rappresentazioni con le peculiarit\u00e0 del territorio e le tradizioni delle genti che lo abitano.<\/p>\n<p>In questo contesto si inserisce a pieno titolo il Presepe di sabbia.<\/p>\n<p>Per un soggiorno a Bellaria Igea Marina puoi visitare la sezione dedicata agli <a href=\"https:\/\/www.minicity.it\/hotel-bellaria-igea-marina.html\" target=\"_blank\">hotel della citt\u00e0<\/a>.<\/p>\n","protected":false},"excerpt":{"rendered":"<p>Il Natale &egrave; in arrivo e la riviera romagnola comincia ad allestire le classiche raffigurazioni della Nativit&agrave; opere effimere fatte di rena. A meno di un mese da Natale torna la suggestiva tradizione del Presepe, la classica raffigurazione della nativit&agrave; che da sempre &egrave;<\/p>\n","protected":false},"author":6,"featured_media":0,"comment_status":"open","ping_status":"open","sticky":false,"template":"","format":"standard","meta":{"footnotes":""},"categories":[3],"tags":[31,53],"class_list":["post-2727","post","type-post","status-publish","format-standard","hentry","category-turismo","tag-bellaria-igea-marina","tag-capodanno-rimini"],"aioseo_notices":[],"_links":{"self":[{"href":"https:\/\/www.minicity.it\/blog\/wp-json\/wp\/v2\/posts\/2727","targetHints":{"allow":["GET"]}}],"collection":[{"href":"https:\/\/www.minicity.it\/blog\/wp-json\/wp\/v2\/posts"}],"about":[{"href":"https:\/\/www.minicity.it\/blog\/wp-json\/wp\/v2\/types\/post"}],"author":[{"embeddable":true,"href":"https:\/\/www.minicity.it\/blog\/wp-json\/wp\/v2\/users\/6"}],"replies":[{"embeddable":true,"href":"https:\/\/www.minicity.it\/blog\/wp-json\/wp\/v2\/comments?post=2727"}],"version-history":[{"count":0,"href":"https:\/\/www.minicity.it\/blog\/wp-json\/wp\/v2\/posts\/2727\/revisions"}],"wp:attachment":[{"href":"https:\/\/www.minicity.it\/blog\/wp-json\/wp\/v2\/media?parent=2727"}],"wp:term":[{"taxonomy":"category","embeddable":true,"href":"https:\/\/www.minicity.it\/blog\/wp-json\/wp\/v2\/categories?post=2727"},{"taxonomy":"post_tag","embeddable":true,"href":"https:\/\/www.minicity.it\/blog\/wp-json\/wp\/v2\/tags?post=2727"}],"curies":[{"name":"wp","href":"https:\/\/api.w.org\/{rel}","templated":true}]}}