{"id":2740,"date":"2011-12-01T09:04:14","date_gmt":"2011-12-01T09:04:14","guid":{"rendered":"https:\/\/www.minicity.it\/blog\/?p=2740"},"modified":"2011-12-01T09:04:14","modified_gmt":"2011-12-01T09:04:14","slug":"rimini-festeggia-asili-nido-1044-piazze-per-i-40-anni-della-1044","status":"publish","type":"post","link":"https:\/\/www.minicity.it\/blog\/2011\/12\/rimini-festeggia-asili-nido-1044-piazze-per-i-40-anni-della-1044\/","title":{"rendered":"Rimini festeggia gli asili nido: &#8220;1044 piazze per i 40 anni della 1044&#8221;"},"content":{"rendered":"<p><strong><a href=\"https:\/\/www.minicity.it\/blog\/wp-content\/uploads\/2011\/12\/1044piazze40-anni.jpg\"><img loading=\"lazy\" decoding=\"async\" class=\"alignleft size-full wp-image-2743\" title=\"1044piazze40-anni\" src=\"https:\/\/www.minicity.it\/blog\/wp-content\/uploads\/2011\/12\/1044piazze40-anni.jpg\" alt=\"\" width=\"200\" height=\"150\" \/><\/a>Venerd\u00ec 2 dicembre<\/strong> la citt\u00e0 di Rimini si appresta a festeggiare i bambini e le famiglie con una festa, <strong>&#8220;1044 piazze per i 40 anni della 1044&#8221;<\/strong>, dedicata al mondo dell&#8217;infanzia. &#8220;1044 piazze per i 40 anni della 1044&#8221; \u00e8 un&#8217;iniziativa promossa da Anci (Associazione Nazionale comuni italiali) e da Legautonomie<!--more--> dell&#8217;Emilia Romagna per festeggiare il 40\u00b0 anniversario della nascita ufficiale degli asili nido nel Bel Paese: la legge 1044, che ne ha, appunto, decretato la nascita. Questa festa, nelle parole degli organizzatori, vuole ribadire il ruolo centrale che ha l&#8217;infanzia in una collettivit\u00e0. Sar\u00e0 anche presente l&#8217;assessore alle politiche educative del Comune di Rimini, Gloria Lisi.<\/p>\n<p>Ma &#8220;1044 piazze per i 40 anni della 1044&#8221; sar\u00e0 anche un momento di rivendicazioni: le associazioni in piazza, infatti, chiedono che lo stato aumenti i suoi sforzi per gli asili nido, che oggi ottengono solo lo 0,15% degli investimenti.<\/p>\n<p>La legge 1044 \u00e8 stata emanata il 6 dicembre del 1971 e ha garantito l&#8217;assistenza ai bambini fino ai tre anni nelle scuole. Il suo scopo non \u00e8 solo la custodia dei bambini o il sostegno alla famiglia ma, soprattutto, un aiuto alla donna che pu\u00f2 in questo modo decidere se lavorare o meno. Dopo l&#8217;emanazione delle legge, nel quinquennio 1972-76, \u00e8 iniziata una grossa azione di costruzione di asili sul territorio nazionale e un&#8217;opera di finanziamenti ai comuni per permettere loro di organizzarsi al meglio.<\/p>\n<p>La festa &#8220;1044 piazze per i 40 anni della 1044&#8221; sar\u00e0 in Piazza Cavour dalle ore 16:00: verranno lanciati in aria centinaia di palloncini colorati, ci saranno animazioni per i pi\u00f9 piccoli, musica e stand.<\/p>\n","protected":false},"excerpt":{"rendered":"<p>Venerd&igrave; 2 dicembre la citt&agrave; di Rimini si appresta a festeggiare i bambini e le famiglie con una festa, &ldquo;1044 piazze per i 40 anni della 1044&rdquo;, dedicata al mondo dell&rsquo;infanzia. &ldquo;1044 piazze per i 40 anni della 1044&rdquo; &egrave; un&rsquo;iniziativa promossa da Anci (Associazione Nazionale comuni italiali) e da Legautonomie<\/p>\n","protected":false},"author":1,"featured_media":0,"comment_status":"open","ping_status":"open","sticky":false,"template":"","format":"standard","meta":{"footnotes":""},"categories":[3],"tags":[33,10],"class_list":["post-2740","post","type-post","status-publish","format-standard","hentry","category-turismo","tag-eventi-riviera","tag-rimini"],"aioseo_notices":[],"_links":{"self":[{"href":"https:\/\/www.minicity.it\/blog\/wp-json\/wp\/v2\/posts\/2740","targetHints":{"allow":["GET"]}}],"collection":[{"href":"https:\/\/www.minicity.it\/blog\/wp-json\/wp\/v2\/posts"}],"about":[{"href":"https:\/\/www.minicity.it\/blog\/wp-json\/wp\/v2\/types\/post"}],"author":[{"embeddable":true,"href":"https:\/\/www.minicity.it\/blog\/wp-json\/wp\/v2\/users\/1"}],"replies":[{"embeddable":true,"href":"https:\/\/www.minicity.it\/blog\/wp-json\/wp\/v2\/comments?post=2740"}],"version-history":[{"count":0,"href":"https:\/\/www.minicity.it\/blog\/wp-json\/wp\/v2\/posts\/2740\/revisions"}],"wp:attachment":[{"href":"https:\/\/www.minicity.it\/blog\/wp-json\/wp\/v2\/media?parent=2740"}],"wp:term":[{"taxonomy":"category","embeddable":true,"href":"https:\/\/www.minicity.it\/blog\/wp-json\/wp\/v2\/categories?post=2740"},{"taxonomy":"post_tag","embeddable":true,"href":"https:\/\/www.minicity.it\/blog\/wp-json\/wp\/v2\/tags?post=2740"}],"curies":[{"name":"wp","href":"https:\/\/api.w.org\/{rel}","templated":true}]}}