{"id":2747,"date":"2011-12-01T09:18:37","date_gmt":"2011-12-01T09:18:37","guid":{"rendered":"https:\/\/www.minicity.it\/blog\/?p=2747"},"modified":"2011-12-01T09:18:37","modified_gmt":"2011-12-01T09:18:37","slug":"natale-di-crisi-per-il-turismo","status":"publish","type":"post","link":"https:\/\/www.minicity.it\/blog\/2011\/12\/natale-di-crisi-per-il-turismo\/","title":{"rendered":"Natale di crisi per il turismo"},"content":{"rendered":"<p><strong><a href=\"https:\/\/www.minicity.it\/blog\/wp-content\/uploads\/2011\/12\/vacanzenatale.jpg\"><img loading=\"lazy\" decoding=\"async\" class=\"alignleft size-full wp-image-2748\" title=\"vacanzenatale\" src=\"https:\/\/www.minicity.it\/blog\/wp-content\/uploads\/2011\/12\/vacanzenatale.jpg\" alt=\"\" width=\"200\" height=\"139\" \/><\/a>Il prossimo Natale<\/strong> sar\u00e0 segnato dalla crisi, almeno per quanto riguarda il turismo. <strong>Chi lo dice?<\/strong> Una ricerca pubblicata da <strong>Adoc<\/strong> (Associazione per la difesa e l&#8217;orientamento dei consumatori), secondo la quale il 73% dei nostri connazionali non si muover\u00e0 durante le festivit\u00e0 per una<!--more--> vacanza. Questo dato \u00e8 drammatico perch\u00e9 supera del 24% quello del 2010.<\/p>\n<p>Inoltre, aggiunge Carlo Pileri, Presidente dell\u2019Adoc, tra coloro che partiranno, la grande maggioranza (l&#8217;89%) lo far\u00e0 al massimo per la durata di un fine settimana. In generale crolla il numero dei fine settimana fuori: -7% rispetto allo stesso periodo dello scorso anno per quelli in Italia e meno 8% per quelli all&#8217;estero.<\/p>\n<p><strong>Dove andranno in vacanza i pochi che lo faranno?<\/strong> Nelle localit\u00e0 di montagna per il 55% degli intervistati (meno 6% rispetto al 2010), nelle citt\u00e0 d&#8217;arte (con una aumento invece del 2%) e, infine, in campagna (pi\u00f9 3). La spesa media? Per quattro italiani su dieci sar\u00e0 intorno a 400 euro a persona, per il 49% dei vacanzieri sar\u00e0, invece, sui 700 euro. Solo il 3% della popolazione pu\u00f2 oggi spendere oltre 1000 euro per una vacanza.<\/p>\n<p>La maggior parte di coloro andr\u00e0 comunque in albergo, anche se \u00e8 previsto un calo delle presenze del 5% rispetto allo scorso anno. Cresce, invece, un fenomeno insidioso: coloro che si indebitano (in media di 1500) per potersi godere una vacanza e il riposo. Costoro sono aumentati del 3% rispetto al 2010.<\/p>\n<p>Questa crisi, inoltre, inizier\u00e0 a farsi sentire gi\u00e0 per il prossimo ponte dell&#8217;Immacolata, l&#8217;8 dicembre prossimo. Per questa festivit\u00e0 partir\u00e0 in vacanza solo il 13% degli italiani.<\/p>\n","protected":false},"excerpt":{"rendered":"<p>Il prossimo Natale sar&agrave; segnato dalla crisi, almeno per quanto riguarda il turismo. Chi lo dice? Una ricerca pubblicata da Adoc (Associazione per la difesa e l&rsquo;orientamento dei consumatori), secondo la quale il 73% dei nostri connazionali non si muover&agrave; durante le festivit&agrave; per una<\/p>\n","protected":false},"author":6,"featured_media":0,"comment_status":"open","ping_status":"open","sticky":false,"template":"","format":"standard","meta":{"footnotes":""},"categories":[3],"tags":[44],"class_list":["post-2747","post","type-post","status-publish","format-standard","hentry","category-turismo","tag-statistiche"],"aioseo_notices":[],"_links":{"self":[{"href":"https:\/\/www.minicity.it\/blog\/wp-json\/wp\/v2\/posts\/2747","targetHints":{"allow":["GET"]}}],"collection":[{"href":"https:\/\/www.minicity.it\/blog\/wp-json\/wp\/v2\/posts"}],"about":[{"href":"https:\/\/www.minicity.it\/blog\/wp-json\/wp\/v2\/types\/post"}],"author":[{"embeddable":true,"href":"https:\/\/www.minicity.it\/blog\/wp-json\/wp\/v2\/users\/6"}],"replies":[{"embeddable":true,"href":"https:\/\/www.minicity.it\/blog\/wp-json\/wp\/v2\/comments?post=2747"}],"version-history":[{"count":0,"href":"https:\/\/www.minicity.it\/blog\/wp-json\/wp\/v2\/posts\/2747\/revisions"}],"wp:attachment":[{"href":"https:\/\/www.minicity.it\/blog\/wp-json\/wp\/v2\/media?parent=2747"}],"wp:term":[{"taxonomy":"category","embeddable":true,"href":"https:\/\/www.minicity.it\/blog\/wp-json\/wp\/v2\/categories?post=2747"},{"taxonomy":"post_tag","embeddable":true,"href":"https:\/\/www.minicity.it\/blog\/wp-json\/wp\/v2\/tags?post=2747"}],"curies":[{"name":"wp","href":"https:\/\/api.w.org\/{rel}","templated":true}]}}