{"id":2751,"date":"2011-12-01T09:41:18","date_gmt":"2011-12-01T09:41:18","guid":{"rendered":"https:\/\/www.minicity.it\/blog\/?p=2751"},"modified":"2011-12-01T09:41:18","modified_gmt":"2011-12-01T09:41:18","slug":"il-rapper-tunisino-el-general-a-cesena","status":"publish","type":"post","link":"https:\/\/www.minicity.it\/blog\/2011\/12\/il-rapper-tunisino-el-general-a-cesena\/","title":{"rendered":"Il rapper tunisino El General a Cesena"},"content":{"rendered":"<p><strong><a href=\"https:\/\/www.minicity.it\/blog\/wp-content\/uploads\/2011\/12\/concerticesena.jpg\"><img loading=\"lazy\" decoding=\"async\" class=\"alignleft size-full wp-image-2752\" title=\"concerticesena\" src=\"https:\/\/www.minicity.it\/blog\/wp-content\/uploads\/2011\/12\/concerticesena.jpg\" alt=\"\" width=\"200\" height=\"175\" \/><\/a>Venerd\u00ec 2 dicembre<\/strong> e <strong>sabato 3<\/strong> dicembre prossimi a <strong>Cesena<\/strong> si terranno due appuntamenti da non perdere per gli appassionati di musica e di politica. Si tratta di un concerto e di una conferenza con un ospite di eccezione della Rivoluzione Araba, il <strong>rapper tunisino El General<\/strong>.<\/p>\n<p>Il concerto di venerd\u00ec 2 dicembre e il dibattito di sabato 3 sono<!--more--> organizzati dalla Compagnia teatrale Soc\u00ecetas Raffaello Sanzio, nell&#8217;ambito di M\u00e0ntica 2011, il festival di teatro che si sta tenendo in questi giorni a Cesena. L&#8217;appuntamento con El General \u00e8 stato possibile grazie alla collaborazione del Centro Stranieri &#8220;Sanzio Togni&#8221;.<\/p>\n<p><strong>Chi \u00e8 El General?<\/strong> Si tratta di un rapper tunisino che \u00e8 stato uno delle voci della rivoluzione e una delle sue colonne sonore. Il giovane \u00e8 stato anche arrestato dal regime di Ben Ali a causa dei suoi testi, in cui si rivolgeva direttamente al Presidente della Repubblica. Il regime tunisino, al potere da oltre 20 anni, \u00e8 caduto lo scorso 14 gennaio. Ora il Paese sta vivendo una fase di transizione che vede la formazione di un&#8217;assemblea costituente e di prossime elezioni politiche.<\/p>\n<p><strong>Il concerto di venerd\u00ec si terr\u00e0 al Vidia Club di Cesena al costo di 5 euro<\/strong> (se il biglietto viene acquistato nei centri stranieri di Cesena, Ravenna, Forl\u00ec e Rimini) o di 10 euro se viene acquistato alla cassa. L&#8217;incontro di sabato si terr\u00e0, invece, al Teatro Comandini alle ore 16:00. Saranno presenti Stefano Liberti (autore di \u201cA Sud di Lampedusa) e Massimo Balducci, coautore di &#8220;Guida ai musicisti che rompono&#8221; e critico musicale di Blow Up.<\/p>\n","protected":false},"excerpt":{"rendered":"<p>Venerd&igrave; 2 dicembre e sabato 3 dicembre prossimi a Cesena si terranno due appuntamenti da non perdere per gli appassionati di musica e di politica. Si tratta di un concerto e di una conferenza con un ospite di eccezione della Rivoluzione Araba, il rapper tunisino El General. Il concerto di venerd&igrave; 2 dicembre e il &#8230;<a class=\"post-readmore\" href=\"https:\/\/www.minicity.it\/blog\/2011\/12\/il-rapper-tunisino-el-general-a-cesena\/\">read more<\/a><\/p>\n","protected":false},"author":7,"featured_media":0,"comment_status":"open","ping_status":"open","sticky":false,"template":"","format":"standard","meta":{"footnotes":""},"categories":[3],"tags":[39],"class_list":["post-2751","post","type-post","status-publish","format-standard","hentry","category-turismo","tag-concerti"],"aioseo_notices":[],"_links":{"self":[{"href":"https:\/\/www.minicity.it\/blog\/wp-json\/wp\/v2\/posts\/2751","targetHints":{"allow":["GET"]}}],"collection":[{"href":"https:\/\/www.minicity.it\/blog\/wp-json\/wp\/v2\/posts"}],"about":[{"href":"https:\/\/www.minicity.it\/blog\/wp-json\/wp\/v2\/types\/post"}],"author":[{"embeddable":true,"href":"https:\/\/www.minicity.it\/blog\/wp-json\/wp\/v2\/users\/7"}],"replies":[{"embeddable":true,"href":"https:\/\/www.minicity.it\/blog\/wp-json\/wp\/v2\/comments?post=2751"}],"version-history":[{"count":0,"href":"https:\/\/www.minicity.it\/blog\/wp-json\/wp\/v2\/posts\/2751\/revisions"}],"wp:attachment":[{"href":"https:\/\/www.minicity.it\/blog\/wp-json\/wp\/v2\/media?parent=2751"}],"wp:term":[{"taxonomy":"category","embeddable":true,"href":"https:\/\/www.minicity.it\/blog\/wp-json\/wp\/v2\/categories?post=2751"},{"taxonomy":"post_tag","embeddable":true,"href":"https:\/\/www.minicity.it\/blog\/wp-json\/wp\/v2\/tags?post=2751"}],"curies":[{"name":"wp","href":"https:\/\/api.w.org\/{rel}","templated":true}]}}