{"id":2757,"date":"2011-12-02T09:30:46","date_gmt":"2011-12-02T09:30:46","guid":{"rendered":"https:\/\/www.minicity.it\/blog\/?p=2757"},"modified":"2011-12-02T09:30:46","modified_gmt":"2011-12-02T09:30:46","slug":"riccione-a-cavallo-nella-perla-verde","status":"publish","type":"post","link":"https:\/\/www.minicity.it\/blog\/2011\/12\/riccione-a-cavallo-nella-perla-verde\/","title":{"rendered":"Riccione: a cavallo nella Perla Verde"},"content":{"rendered":"<p><strong><a href=\"https:\/\/www.minicity.it\/blog\/wp-content\/uploads\/2011\/12\/cavalliriccione.jpg\"><img loading=\"lazy\" decoding=\"async\" class=\"alignleft size-full wp-image-2759\" title=\"cavalliriccione\" src=\"https:\/\/www.minicity.it\/blog\/wp-content\/uploads\/2011\/12\/cavalliriccione.jpg\" alt=\"\" width=\"200\" height=\"138\" \/><\/a>Domenica 4 dicembre<\/strong> prossimo gli appassionati di equitazione non possono perdersi un appuntamento che si terr\u00e0 a Riccione. Si tratta di <strong>\u201cA cavallo nella Perla Verde\u201d<\/strong>, ovvero una passeggiata a cavallo che partir\u00e0 dalla spiaggia di Riccione per arrivare<!--more--> a quella di Misano, dove i cavalieri di fermeranno per un pasto, o meglio, un \u201crancio\u201d.<\/p>\n<p>\u201cA cavallo nella Perla Verde\u201d \u00e8 un&#8217;iniziativa promossa dall&#8217;associazione Cavalieri del Mare di Coriano e ha il patrocinio del Comune. L&#8217;appuntamento \u00e8 <strong>alle 10:00 sul Ponte sul Marano<\/strong>. Si arriver\u00e0 a Misano e, dopo una pausa si torner\u00e0 a Riccione. La passeggiata verr\u00e0 ripetuta il pomeriggio: alle 15:00 i cavalieri si ritroveranno al porto di Riccione e arriveranno in Piazzale Roma alle 16:00. Qui \u00e8 previsto un rinfresco a base di vin brul\u00e9 e ciambella. \u201cA cavallo nella Perla Verde\u201d sar\u00e0 anche un&#8217;occasione per far divertire i pi\u00f9 piccini che potranno ricevere il loro \u201cbattesimo della sella\u201d, ovvero montare per la prima volta a cavallo.<\/p>\n<p><strong>L&#8217;associazione Cavalieri del Mare di Coriano<\/strong> riunisce coloro che hanno la passione del cavallo: si tratta di un gruppo che organizza passeggiata nelle valli o nei dintorni di Rimini e Riccione, che promuove iniziative volte a rispetto della natura e degli animali, alla conoscenza e alla cultura del cavallo, percorsi di ippoterapia per disabili e corsi per bambini. Si tratta di un&#8217;associazione senza scopo di lucro che a volte organizza anche gare di solidariet\u00e0, l&#8217;ultima delle quali \u00e8 una raccolta fondi per un pozzo in Zimbabue. Il numero dei soci dell&#8217;associazione Cavalieri del Mare di Coriano \u00e8 illimitato e l&#8217;iscrizione costa 20 euro all&#8217;anno.<\/p>\n<p><strong>Per maggiori informazioni: www.icavalieridelmare.it.<\/strong><\/p>\n","protected":false},"excerpt":{"rendered":"<p>Domenica 4 dicembre prossimo gli appassionati di equitazione non possono perdersi un appuntamento che si terr&agrave; a Riccione. Si tratta di &ldquo;A cavallo nella Perla Verde&rdquo;, ovvero una passeggiata a cavallo che partir&agrave; dalla spiaggia di Riccione per arrivare<\/p>\n","protected":false},"author":1,"featured_media":0,"comment_status":"open","ping_status":"open","sticky":false,"template":"","format":"standard","meta":{"footnotes":""},"categories":[3],"tags":[36,34],"class_list":["post-2757","post","type-post","status-publish","format-standard","hentry","category-turismo","tag-misano-adriatico","tag-riccione"],"aioseo_notices":[],"_links":{"self":[{"href":"https:\/\/www.minicity.it\/blog\/wp-json\/wp\/v2\/posts\/2757","targetHints":{"allow":["GET"]}}],"collection":[{"href":"https:\/\/www.minicity.it\/blog\/wp-json\/wp\/v2\/posts"}],"about":[{"href":"https:\/\/www.minicity.it\/blog\/wp-json\/wp\/v2\/types\/post"}],"author":[{"embeddable":true,"href":"https:\/\/www.minicity.it\/blog\/wp-json\/wp\/v2\/users\/1"}],"replies":[{"embeddable":true,"href":"https:\/\/www.minicity.it\/blog\/wp-json\/wp\/v2\/comments?post=2757"}],"version-history":[{"count":0,"href":"https:\/\/www.minicity.it\/blog\/wp-json\/wp\/v2\/posts\/2757\/revisions"}],"wp:attachment":[{"href":"https:\/\/www.minicity.it\/blog\/wp-json\/wp\/v2\/media?parent=2757"}],"wp:term":[{"taxonomy":"category","embeddable":true,"href":"https:\/\/www.minicity.it\/blog\/wp-json\/wp\/v2\/categories?post=2757"},{"taxonomy":"post_tag","embeddable":true,"href":"https:\/\/www.minicity.it\/blog\/wp-json\/wp\/v2\/tags?post=2757"}],"curies":[{"name":"wp","href":"https:\/\/api.w.org\/{rel}","templated":true}]}}