{"id":2762,"date":"2011-12-02T10:13:23","date_gmt":"2011-12-02T10:13:23","guid":{"rendered":"https:\/\/www.minicity.it\/blog\/?p=2762"},"modified":"2011-12-02T10:13:23","modified_gmt":"2011-12-02T10:13:23","slug":"un-nuovo-parco-a-rimini-lungo-il-fiume-marecchia","status":"publish","type":"post","link":"https:\/\/www.minicity.it\/blog\/2011\/12\/un-nuovo-parco-a-rimini-lungo-il-fiume-marecchia\/","title":{"rendered":"Un nuovo parco a Rimini lungo il fiume Marecchia"},"content":{"rendered":"<p><strong><a href=\"https:\/\/www.minicity.it\/blog\/wp-content\/uploads\/2011\/12\/parcomarecchiarimini.jpg\"><img loading=\"lazy\" decoding=\"async\" class=\"alignleft size-full wp-image-2764\" title=\"parcomarecchiarimini\" src=\"https:\/\/www.minicity.it\/blog\/wp-content\/uploads\/2011\/12\/parcomarecchiarimini.jpg\" alt=\"\" width=\"200\" height=\"133\" \/><\/a>Rimini<\/strong> si appresta ad avere un nuovo, grande, <strong>parco naturalistico<\/strong>. Il comune della cittadina romagnola, infatti, ha recentemente approvato un progetto che far\u00e0 si che venga risanata la zona dell&#8217;ex cava InCal System, che si trovava sulla sponda destra<!--more--> del <strong>fiume Marecchia<\/strong>. La zona, compresa tra le frazioni di Spadarolo e San Martino dei Molini, si trova tra i comuni di Rimini e Santarcangelo di Romagna.<\/p>\n<p>L&#8217;ex cava \u00e8 oggi composta da due bacini non pi\u00f9 in uso, che servivano per l&#8217;attivit\u00e0 estrattiva: il sito necessita di una bonifica e di lavori di valorizzazione ambientale in modo a poter diventare a tutti gli effetti una zona verde che la citt\u00e0 pu\u00f2 sfruttare. L&#8217;ex cava \u00e8 gi\u00e0 collegata alla citt\u00e0 con una pista ciclabile ma ad oggi non \u00e8 possibile utilizzarla come zona di svago.<\/p>\n<p>Si tratta di una zona che si <strong>estende per oltre 37 ettari di verde<\/strong>, ricca di specchi d&#8217;acqua, e con una flora e una fauna tipiche dell&#8217;area mediterranea. Per questo uno dei progetti che saranno in cantiere dopo i lavori sar\u00e0 proprio quello di creare dei percorsi naturalistici e botanici, con postazioni per l&#8217;osservazione degli animali (qui si trovano, infatti, aironi, garzette e martin pescatore, ad esempio) e centri didattici per le scuole di ogni ordine. Inoltre \u00e8 prevista anche una zona \u201carcheologica\u201d nel sito dove sorgeva l&#8217;antica &#8220;Cava Sarzana&#8221;.<\/p>\n<p>Il progetto del nuovo<strong> parco sul Marecchia<\/strong> sar\u00e0 sostenuto grazie agli aiuti della Regione Emilia-Romagna nell\u2019ambito dei progetti di Protezione Ambientale e Naturalistica. Il costo complessivo dei lavori \u00e8 stato stimato intorno ai 350mila euro, di cui il 70% arriver\u00e0, appunto dai fondi regionali.<\/p>\n","protected":false},"excerpt":{"rendered":"<p>Rimini si appresta ad avere un nuovo, grande, parco naturalistico. Il comune della cittadina romagnola, infatti, ha recentemente approvato un progetto che far&agrave; si che venga risanata la zona dell&rsquo;ex cava InCal System, che si trovava sulla sponda destra<\/p>\n","protected":false},"author":6,"featured_media":0,"comment_status":"open","ping_status":"open","sticky":false,"template":"","format":"standard","meta":{"footnotes":""},"categories":[3],"tags":[10,57],"class_list":["post-2762","post","type-post","status-publish","format-standard","hentry","category-turismo","tag-rimini","tag-turismo-ecologico"],"aioseo_notices":[],"_links":{"self":[{"href":"https:\/\/www.minicity.it\/blog\/wp-json\/wp\/v2\/posts\/2762","targetHints":{"allow":["GET"]}}],"collection":[{"href":"https:\/\/www.minicity.it\/blog\/wp-json\/wp\/v2\/posts"}],"about":[{"href":"https:\/\/www.minicity.it\/blog\/wp-json\/wp\/v2\/types\/post"}],"author":[{"embeddable":true,"href":"https:\/\/www.minicity.it\/blog\/wp-json\/wp\/v2\/users\/6"}],"replies":[{"embeddable":true,"href":"https:\/\/www.minicity.it\/blog\/wp-json\/wp\/v2\/comments?post=2762"}],"version-history":[{"count":0,"href":"https:\/\/www.minicity.it\/blog\/wp-json\/wp\/v2\/posts\/2762\/revisions"}],"wp:attachment":[{"href":"https:\/\/www.minicity.it\/blog\/wp-json\/wp\/v2\/media?parent=2762"}],"wp:term":[{"taxonomy":"category","embeddable":true,"href":"https:\/\/www.minicity.it\/blog\/wp-json\/wp\/v2\/categories?post=2762"},{"taxonomy":"post_tag","embeddable":true,"href":"https:\/\/www.minicity.it\/blog\/wp-json\/wp\/v2\/tags?post=2762"}],"curies":[{"name":"wp","href":"https:\/\/api.w.org\/{rel}","templated":true}]}}